{"id":27484,"date":"2017-04-27T09:52:48","date_gmt":"2017-04-27T09:52:48","guid":{"rendered":"http:\/\/sites.ecclesia.pt\/cv\/?p=27484"},"modified":"2017-04-27T09:52:48","modified_gmt":"2017-04-27T09:52:48","slug":"a-eucaristia-e-o-servico-aos-irmaos","status":"publish","type":"post","link":"https:\/\/sites.ecclesia.pt\/cv\/a-eucaristia-e-o-servico-aos-irmaos\/","title":{"rendered":"A eucaristia e o servi\u00e7o aos irm\u00e3os"},"content":{"rendered":"<p>Durante a \u00faltima ceia, Jesus lava os p\u00e9s aos seus disc\u00edpulos para, simbolicamente, lhes ensinar o fundamento da comunidade; o servi\u00e7o aos irm\u00e3os e a igualdade fraterna constituem, pois, o fundamento da nova comunidade do Reino. Seria l\u00f3gico realizar esta purifica\u00e7\u00e3o antes de se sentar \u00e0 mesa, mas o evangelista diz-nos que estavam a cear quando Jesus se levantou, cinge-se com a toalha e come\u00e7a a lavar os p\u00e9s aos disc\u00edpulos. Bastar\u00e1 este gesto para lembrarmos a Ceia eucar\u00edstica, fundamental na nova comunidade, onde a verdadeira dignidade do ser humano reside na entrega aos outros. Esta \u00e9 a maneira de atuar de Deus, tal como se revelou em Jesus: \u00abSe Eu, que sou Mestre e Senhor, vos lavei os p\u00e9s, tamb\u00e9m v\u00f3s deveis lavar os p\u00e9s uns aos outros. Dei-vos o exemplo, para que, assim como Eu fiz, v\u00f3s fa\u00e7ais tamb\u00e9m\u00bb (Jo 13, 14-15).(\u2026)<br \/>\nEsta ceia pascal, e tamb\u00e9m a eucaristia, apontam para a morte de Cristo como morte salvadora, tendo como acontecimento central a morte de Cristo na cruz. \u00c9 um novo \u00eaxodo, uma nova passagem, porque Ele entrega o seu corpo e derrama o seu sangue por n\u00f3s e pela humanidade. Deus assume, com a morte do seu Filho na cruz, o pecado da humanidade e a atitude de total entrega de Jesus pelos outros \u2013 atinge na cruz a sua m\u00e1xima express\u00e3o.<br \/>\nAs palavras de Cristo sobre o p\u00e3o (Tomai e comei isto \u00e9 o meu corpo) e sobre o vinho (Tomai e bebei este \u00e9 o meu sangue derramado\u2026) adquirem assim o seu mais profundo sentido na entrega de Jesus por n\u00f3s. Depois da sua morte, na sua nova vida gloriosa, o Senhor quer continuar dando-se e comunicando-se aos seus disc\u00edpulos, para que participem da sua vida. Este p\u00e3o e este vinho, que s\u00e3o o seu corpo e o seu sangue, ser\u00e3o um modo privilegiado de encontro e comunh\u00e3o com a sua comunidade \u2013 uma das exig\u00eancias mais fortes da eucaristia. Se o p\u00e3o partido significava sempre para os judeus a comunica\u00e7\u00e3o de uma b\u00ean\u00e7\u00e3o, o pr\u00f3prio Messias vai ser b\u00ean\u00e7\u00e3o e alimento para os que nele acreditam. A sua morte n\u00e3o vai romper os la\u00e7os de comunh\u00e3o, bem pelo contr\u00e1rio, tornar\u00e1 poss\u00edvel uma comunh\u00e3o mais profunda e universal pela nova presen\u00e7a de Cristo, na doa\u00e7\u00e3o de si mesmo por meio dos gestos eucar\u00edsticos.<br \/>\n<strong>D. Ant\u00f3nio Moiteiro<\/strong><br \/>\n<em>Excerto da homilia da Missa da Ceia do Senhor, na noite de Quinta-feira Santa, <\/em><br \/>\n<em>na S\u00e9 de Aveiro<\/em><\/p>\n","protected":false},"excerpt":{"rendered":"<p>Durante a \u00faltima ceia, Jesus lava os p\u00e9s aos seus disc\u00edpulos para, simbolicamente, lhes ensinar o fundamento da comunidade; o servi\u00e7o aos irm\u00e3os e a igualdade fraterna constituem, pois, o fundamento da nova comunidade do Reino. Seria l\u00f3gico realizar esta purifica\u00e7\u00e3o antes de se sentar \u00e0 mesa, mas o evangelista diz-nos que estavam a cear [&hellip;]<\/p>\n","protected":false},"author":3,"featured_media":0,"comment_status":"closed","ping_status":"closed","sticky":false,"template":"","format":"standard","meta":{"footnotes":""},"categories":[70],"tags":[],"class_list":["post-27484","post","type-post","status-publish","format-standard","hentry","category-diocese"],"_links":{"self":[{"href":"https:\/\/sites.ecclesia.pt\/cv\/wp-json\/wp\/v2\/posts\/27484","targetHints":{"allow":["GET"]}}],"collection":[{"href":"https:\/\/sites.ecclesia.pt\/cv\/wp-json\/wp\/v2\/posts"}],"about":[{"href":"https:\/\/sites.ecclesia.pt\/cv\/wp-json\/wp\/v2\/types\/post"}],"author":[{"embeddable":true,"href":"https:\/\/sites.ecclesia.pt\/cv\/wp-json\/wp\/v2\/users\/3"}],"replies":[{"embeddable":true,"href":"https:\/\/sites.ecclesia.pt\/cv\/wp-json\/wp\/v2\/comments?post=27484"}],"version-history":[{"count":1,"href":"https:\/\/sites.ecclesia.pt\/cv\/wp-json\/wp\/v2\/posts\/27484\/revisions"}],"predecessor-version":[{"id":27485,"href":"https:\/\/sites.ecclesia.pt\/cv\/wp-json\/wp\/v2\/posts\/27484\/revisions\/27485"}],"wp:attachment":[{"href":"https:\/\/sites.ecclesia.pt\/cv\/wp-json\/wp\/v2\/media?parent=27484"}],"wp:term":[{"taxonomy":"category","embeddable":true,"href":"https:\/\/sites.ecclesia.pt\/cv\/wp-json\/wp\/v2\/categories?post=27484"},{"taxonomy":"post_tag","embeddable":true,"href":"https:\/\/sites.ecclesia.pt\/cv\/wp-json\/wp\/v2\/tags?post=27484"}],"curies":[{"name":"wp","href":"https:\/\/api.w.org\/{rel}","templated":true}]}}