{"id":27486,"date":"2017-04-27T09:55:30","date_gmt":"2017-04-27T09:55:30","guid":{"rendered":"http:\/\/sites.ecclesia.pt\/cv\/?p=27486"},"modified":"2017-04-27T09:55:30","modified_gmt":"2017-04-27T09:55:30","slug":"a-vocacao-ao-sacerdocio-no-seguimento-de-cristo","status":"publish","type":"post","link":"https:\/\/sites.ecclesia.pt\/cv\/a-vocacao-ao-sacerdocio-no-seguimento-de-cristo\/","title":{"rendered":"A voca\u00e7\u00e3o ao sacerd\u00f3cio no seguimento de Cristo"},"content":{"rendered":"<figure id=\"attachment_27487\" aria-describedby=\"caption-attachment-27487\" style=\"width: 1025px\" class=\"wp-caption alignnone\"><a href=\"https:\/\/sites.ecclesia.pt\/cv\/wp-content\/uploads\/2017\/04\/missa-crismal.jpg\"><img loading=\"lazy\" decoding=\"async\" class=\"size-full wp-image-27487\" src=\"https:\/\/sites.ecclesia.pt\/cv\/wp-content\/uploads\/2017\/04\/missa-crismal.jpg\" alt=\"\" width=\"1025\" height=\"669\" srcset=\"https:\/\/sites.ecclesia.pt\/cv\/wp-content\/uploads\/2017\/04\/missa-crismal.jpg 1025w, https:\/\/sites.ecclesia.pt\/cv\/wp-content\/uploads\/2017\/04\/missa-crismal-300x196.jpg 300w, https:\/\/sites.ecclesia.pt\/cv\/wp-content\/uploads\/2017\/04\/missa-crismal-768x501.jpg 768w, https:\/\/sites.ecclesia.pt\/cv\/wp-content\/uploads\/2017\/04\/missa-crismal-1024x668.jpg 1024w\" sizes=\"auto, (max-width: 1025px) 100vw, 1025px\" \/><\/a><figcaption id=\"caption-attachment-27487\" class=\"wp-caption-text\">Missa crismal<\/figcaption><\/figure>\n<p>Da exist\u00eancia sacerdotal fazem parte dois momentos fundamentais: o chamamento de Deus e a resposta do homem. A vida crist\u00e3 concretiza-se na rela\u00e7\u00e3o entre o escutar e o responder: ao apelo que recebeu de Deus, o homem responde com a sua vida. O chamamento parte de Deus. Ele encontra o homem e interpela-o. O que realmente d\u00e1 sentido \u00e0 nossa vida \u00e9 o momento em que o sim de Deus e o sim do homem se encontram.<br \/>\nJesus Cristo \u00e9 o verdadeiro projeto do homem porque na sua pessoa Ele une o chamamento de Deus e a nossa resposta. Por isso, a voca\u00e7\u00e3o sacerdotal requer uma decis\u00e3o que envolve a vida na sua totalidade, precisamente porque vem de Deus: \u00abN\u00e3o fostes v\u00f3s que me escolhestes; fui Eu que vos escolhi a v\u00f3s\u00bb (Jo 15,16). O seguimento deve ser uma rela\u00e7\u00e3o viva com Deus, que \u00e9 vida e amor. Para conceber o seguimento na vida sacerdotal tenho de reconhecer quem \u00e9 Jesus Cristo, porque a quest\u00e3o da identidade de Jesus Cristo \u00e9 decisiva para a minha identidade e para encontrar o sentido da minha vida. \u00c0 pergunta \u00abQuem sou eu?\u00bb, corresponde \u00abQuem \u00e9s Tu, \u00f3 Senhor?\u00bb.(\u2026)<br \/>\nAo longo deste ano pastoral, a nossa Diocese de Aveiro iniciou um caminho que desejamos se estenda \u00e0s par\u00f3quias, \u00e0s comunidades de vida consagrada, aos sacerdotes e di\u00e1conos, numa palavra, a todos os agentes de pastoral e a todo o povo de Deus: criarmos uma cultura vocacional em toda a Diocese. Ao falarmos de voca\u00e7\u00e3o n\u00e3o podemos esquecer a voca\u00e7\u00e3o batismal, que nos chama \u00e0 comunh\u00e3o com Deus e \u00e0 santidade, a voca\u00e7\u00e3o a constituir uma fam\u00edlia segundo o des\u00edgnio de Deus, e \u00e0 promo\u00e7\u00e3o de novas voca\u00e7\u00f5es de consagra\u00e7\u00e3o.<br \/>\n<strong>D. Ant\u00f3nio Moiteiro<\/strong><br \/>\n<em>Excerto da homilia da Missa Crismal, na manh\u00e3 de Quinta-feira Santa, 13 de abril, <\/em><br \/>\n<em>na S\u00e9 de Aveiro<\/em><\/p>\n","protected":false},"excerpt":{"rendered":"<p>Da exist\u00eancia sacerdotal fazem parte dois momentos fundamentais: o chamamento de Deus e a resposta do homem. A vida crist\u00e3 concretiza-se na rela\u00e7\u00e3o entre o escutar e o responder: ao apelo que recebeu de Deus, o homem responde com a sua vida. O chamamento parte de Deus. Ele encontra o homem e interpela-o. O que [&hellip;]<\/p>\n","protected":false},"author":3,"featured_media":0,"comment_status":"closed","ping_status":"closed","sticky":false,"template":"","format":"standard","meta":{"footnotes":""},"categories":[70],"tags":[],"class_list":["post-27486","post","type-post","status-publish","format-standard","hentry","category-diocese"],"_links":{"self":[{"href":"https:\/\/sites.ecclesia.pt\/cv\/wp-json\/wp\/v2\/posts\/27486","targetHints":{"allow":["GET"]}}],"collection":[{"href":"https:\/\/sites.ecclesia.pt\/cv\/wp-json\/wp\/v2\/posts"}],"about":[{"href":"https:\/\/sites.ecclesia.pt\/cv\/wp-json\/wp\/v2\/types\/post"}],"author":[{"embeddable":true,"href":"https:\/\/sites.ecclesia.pt\/cv\/wp-json\/wp\/v2\/users\/3"}],"replies":[{"embeddable":true,"href":"https:\/\/sites.ecclesia.pt\/cv\/wp-json\/wp\/v2\/comments?post=27486"}],"version-history":[{"count":1,"href":"https:\/\/sites.ecclesia.pt\/cv\/wp-json\/wp\/v2\/posts\/27486\/revisions"}],"predecessor-version":[{"id":27488,"href":"https:\/\/sites.ecclesia.pt\/cv\/wp-json\/wp\/v2\/posts\/27486\/revisions\/27488"}],"wp:attachment":[{"href":"https:\/\/sites.ecclesia.pt\/cv\/wp-json\/wp\/v2\/media?parent=27486"}],"wp:term":[{"taxonomy":"category","embeddable":true,"href":"https:\/\/sites.ecclesia.pt\/cv\/wp-json\/wp\/v2\/categories?post=27486"},{"taxonomy":"post_tag","embeddable":true,"href":"https:\/\/sites.ecclesia.pt\/cv\/wp-json\/wp\/v2\/tags?post=27486"}],"curies":[{"name":"wp","href":"https:\/\/api.w.org\/{rel}","templated":true}]}}