{"id":27489,"date":"2017-04-27T09:58:00","date_gmt":"2017-04-27T09:58:00","guid":{"rendered":"http:\/\/sites.ecclesia.pt\/cv\/?p=27489"},"modified":"2017-04-27T09:58:00","modified_gmt":"2017-04-27T09:58:00","slug":"encontro-interarciprestal-de-catequese-criancas-e-jovens-de-murtosa-e-estarreja-aprofundam-mensagem-de-fatima","status":"publish","type":"post","link":"https:\/\/sites.ecclesia.pt\/cv\/encontro-interarciprestal-de-catequese-criancas-e-jovens-de-murtosa-e-estarreja-aprofundam-mensagem-de-fatima\/","title":{"rendered":"Encontro Interarciprestal de Catequese: Crian\u00e7as e jovens de Murtosa e Estarreja aprofundam Mensagem de F\u00e1tima"},"content":{"rendered":"<p><a href=\"https:\/\/sites.ecclesia.pt\/cv\/wp-content\/uploads\/2017\/04\/encontro-crian\u00e7as-e-adolescentes2017.jpg\"><img loading=\"lazy\" decoding=\"async\" class=\"alignnone size-full wp-image-27490\" src=\"https:\/\/sites.ecclesia.pt\/cv\/wp-content\/uploads\/2017\/04\/encontro-crian\u00e7as-e-adolescentes2017.jpg\" alt=\"\" width=\"4455\" height=\"1790\" srcset=\"https:\/\/sites.ecclesia.pt\/cv\/wp-content\/uploads\/2017\/04\/encontro-crian\u00e7as-e-adolescentes2017.jpg 4455w, https:\/\/sites.ecclesia.pt\/cv\/wp-content\/uploads\/2017\/04\/encontro-crian\u00e7as-e-adolescentes2017-300x121.jpg 300w, https:\/\/sites.ecclesia.pt\/cv\/wp-content\/uploads\/2017\/04\/encontro-crian\u00e7as-e-adolescentes2017-768x309.jpg 768w, https:\/\/sites.ecclesia.pt\/cv\/wp-content\/uploads\/2017\/04\/encontro-crian\u00e7as-e-adolescentes2017-1024x411.jpg 1024w\" sizes=\"auto, (max-width: 4455px) 100vw, 4455px\" \/><\/a><\/p>\n<p>\u00abMensagem de F\u00e1tima-Centen\u00e1rio das Apari\u00e7\u00f5es\u00bb \u00e9 o tema do Encontro Interarciprestal de Catequese Estarreja-Murtosa, para crian\u00e7as e adolescentes, que vai decorrer na Par\u00f3quia de Veiros, no dia 1 de maio.<br \/>\n\u201cO grande objetivo para este momento \u00e9 despertar as crian\u00e7as e os adolescentes para a Mensagem de F\u00e1tima, neste ano em que se celebram 100 anos das Apari\u00e7\u00f5es de Nossa Senhora. Queremos dar-lhes a conhecer a vida e a espiritualidade dos beatos, em breve santos, Francisco e Jacinta Marto, e ainda abordar a dimens\u00e3o vocacional dos mais novos como resposta ao chamamento de Deus e crescimento na f\u00e9\u201d, refere Rosa Lopes, delegada interarciprestal de Catequese.<br \/>\nO encontro ser\u00e1 orientado pela Irm\u00e3 Bernardete de Oliveira, da congrega\u00e7\u00e3o religiosa Alian\u00e7a de Santa Maria e Agente da Pastoral de Crian\u00e7as e Jovens do Santu\u00e1rio de F\u00e1tima.<br \/>\n\u201cO programa proporcionar\u00e1 \u00e0s crian\u00e7as e adolescentes uma oportunidade de catequese em grupo com momentos para conversar, rir, partilhar, brincar, aprender, cantar, celebrar, rezar, agradecer e tantos outros que os fazem sentirem-se crist\u00e3os felizes\u201d, acrescenta Rosa Lopes.<br \/>\nO encontro come\u00e7a pelas 14h00, na Igreja Matriz de Veiros. As crian\u00e7as fazem depois uma caminhada em dire\u00e7\u00e3o \u00e0 capela de Santo Ant\u00f3nio da Ribeira \u2013 \u201cA Aventura da Paredita\u201d \u2013, enquanto os adolescentes participam no momento \u201cF\u00e1tima, passo a passo\u201d, na igreja, seguindo depois para a capela de Santo Ant\u00f3nio, onde decorrer\u00e3o novas atividades para crian\u00e7as e adolescentes. Pelas 16h30 haver\u00e1 lanche e, \u00e0s 17h30, Eucaristia e envio.<\/p>\n","protected":false},"excerpt":{"rendered":"<p>\u00abMensagem de F\u00e1tima-Centen\u00e1rio das Apari\u00e7\u00f5es\u00bb \u00e9 o tema do Encontro Interarciprestal de Catequese Estarreja-Murtosa, para crian\u00e7as e adolescentes, que vai decorrer na Par\u00f3quia de Veiros, no dia 1 de maio. \u201cO grande objetivo para este momento \u00e9 despertar as crian\u00e7as e os adolescentes para a Mensagem de F\u00e1tima, neste ano em que se celebram 100 [&hellip;]<\/p>\n","protected":false},"author":3,"featured_media":0,"comment_status":"closed","ping_status":"closed","sticky":false,"template":"","format":"standard","meta":{"footnotes":""},"categories":[70],"tags":[],"class_list":["post-27489","post","type-post","status-publish","format-standard","hentry","category-diocese"],"_links":{"self":[{"href":"https:\/\/sites.ecclesia.pt\/cv\/wp-json\/wp\/v2\/posts\/27489","targetHints":{"allow":["GET"]}}],"collection":[{"href":"https:\/\/sites.ecclesia.pt\/cv\/wp-json\/wp\/v2\/posts"}],"about":[{"href":"https:\/\/sites.ecclesia.pt\/cv\/wp-json\/wp\/v2\/types\/post"}],"author":[{"embeddable":true,"href":"https:\/\/sites.ecclesia.pt\/cv\/wp-json\/wp\/v2\/users\/3"}],"replies":[{"embeddable":true,"href":"https:\/\/sites.ecclesia.pt\/cv\/wp-json\/wp\/v2\/comments?post=27489"}],"version-history":[{"count":1,"href":"https:\/\/sites.ecclesia.pt\/cv\/wp-json\/wp\/v2\/posts\/27489\/revisions"}],"predecessor-version":[{"id":27491,"href":"https:\/\/sites.ecclesia.pt\/cv\/wp-json\/wp\/v2\/posts\/27489\/revisions\/27491"}],"wp:attachment":[{"href":"https:\/\/sites.ecclesia.pt\/cv\/wp-json\/wp\/v2\/media?parent=27489"}],"wp:term":[{"taxonomy":"category","embeddable":true,"href":"https:\/\/sites.ecclesia.pt\/cv\/wp-json\/wp\/v2\/categories?post=27489"},{"taxonomy":"post_tag","embeddable":true,"href":"https:\/\/sites.ecclesia.pt\/cv\/wp-json\/wp\/v2\/tags?post=27489"}],"curies":[{"name":"wp","href":"https:\/\/api.w.org\/{rel}","templated":true}]}}