{"id":27492,"date":"2017-04-27T10:01:31","date_gmt":"2017-04-27T10:01:31","guid":{"rendered":"http:\/\/sites.ecclesia.pt\/cv\/?p=27492"},"modified":"2017-04-27T10:01:31","modified_gmt":"2017-04-27T10:01:31","slug":"apelo-as-vocacoes-no-dia-da-festa-do-escutismo","status":"publish","type":"post","link":"https:\/\/sites.ecclesia.pt\/cv\/apelo-as-vocacoes-no-dia-da-festa-do-escutismo\/","title":{"rendered":"Apelo \u00e0s voca\u00e7\u00f5es no dia da festa do escutismo"},"content":{"rendered":"<figure id=\"attachment_27493\" aria-describedby=\"caption-attachment-27493\" style=\"width: 2848px\" class=\"wp-caption alignnone\"><a href=\"https:\/\/sites.ecclesia.pt\/cv\/wp-content\/uploads\/2017\/04\/principal.jpg\"><img loading=\"lazy\" decoding=\"async\" class=\"size-full wp-image-27493\" src=\"https:\/\/sites.ecclesia.pt\/cv\/wp-content\/uploads\/2017\/04\/principal.jpg\" alt=\"\" width=\"2848\" height=\"2136\" srcset=\"https:\/\/sites.ecclesia.pt\/cv\/wp-content\/uploads\/2017\/04\/principal.jpg 2848w, https:\/\/sites.ecclesia.pt\/cv\/wp-content\/uploads\/2017\/04\/principal-300x225.jpg 300w, https:\/\/sites.ecclesia.pt\/cv\/wp-content\/uploads\/2017\/04\/principal-768x576.jpg 768w, https:\/\/sites.ecclesia.pt\/cv\/wp-content\/uploads\/2017\/04\/principal-1024x768.jpg 1024w\" sizes=\"auto, (max-width: 2848px) 100vw, 2848px\" \/><\/a><figcaption id=\"caption-attachment-27493\" class=\"wp-caption-text\">Aspeto dos escuteiros, nas sombras do parque, virados para o altar da celebra\u00e7\u00e3o<\/figcaption><\/figure>\n<p><strong>D. Ant\u00f3nio Moiteiro institui dois ac\u00f3litos, a caminho do presbiterado, e pediu aos dois milhares de jovens que coloquem a quest\u00e3o de ser padre, consagrado ou consagrada.<\/strong><\/p>\n<p>&nbsp;<\/p>\n<p>D. Ant\u00f3nio Moiteiro fez um forte apelo vocacional aos cerca de 2100 jovens que participaram no dia de S. Jorge \u2013 Dia da Regi\u00e3o, no domingo, 23 de abril, em Aveiro. Durante a homilia, no Parque Infante D. Pedro, o Bispo de Aveiro real\u00e7ou que \u201cDeus tem um projeto de vida para cada um\u201d e convidou os jovens a colocarem a si pr\u00f3prios as quest\u00f5es: \u201cO que Deus quer de mim?\u201d; \u201cSer\u00e1 que no meu projeto de vida entra o ser chamado? Entra o ser sacerdote? O ser consagrado ou consagrada? O entregar a vida ao servi\u00e7o do Evangelho?\u201d \u201cDeus quer que sejamos felizes e a nossa felicidade depende muito da resposta positiva ao projeto que Deus tem para n\u00f3s\u201d, rematou, depois de ter chamado pelas diversas sec\u00e7\u00f5es escutistas (lobitos, exploradores, pioneiros, caminheiros e dirigentes), deixando um recado aos adultos que dirigem os agrupamentos escutistas: \u201cOs agrupamentos s\u00e3o o que forem os dirigentes\u201d.<br \/>\nNa celebra\u00e7\u00e3o, o Bispo de Aveiro instituiu no minist\u00e9rio dos ac\u00f3litos os seminaristas Jorge e Pedro (ver texto ao lado), que assim \u201csobem um degrau na escada\u201d que os pode levar ao sacerd\u00f3cio ministerial.<br \/>\nO Dia de S. Jorge, marcado para Aveiro para assinalar a chegada do escutismo \u00e0 Diocese h\u00e1 90 anos, foi dinamizado com jogos durante a manh\u00e3, no Cais da Fonte Nova, e com uma caminhada e Eucaristia \u00e0 tarde, sempre com muitos c\u00e2nticos e gritos, como \u00e9 t\u00edpico nos encontros dos escuteiros. Jos\u00e9 Carlos Santos, chefe regional, disse ao Correio do Vouga que o dia foi muito positivo, tendo contado com a participa\u00e7\u00e3o de 43 dos 46 agrupamentos da Regi\u00e3o de Aveiro (corresponde \u00e0 Diocese). Na mensagem final aos escuteiros, ap\u00f3s a Missa, Jos\u00e9 Carlos Santos real\u00e7ou que o escuta, dos \u201cinc\u00f3modos\u201d faz \u201cdesafios\u201d, nas \u201cdificuldades\u201d v\u00ea \u201coportunidades\u201d e percorre \u201ccaminhos tortuosos\u201d porque \u201cmoldam o car\u00e1cter\u201d.<br \/>\nO Dia de S. Jorge terminou com a entrega de pr\u00e9mios \u00e0s equipas que venceram os jogos matinais. O presidente da Junta da Gl\u00f3ria e Vera Cruz, Fernando Marques, a vereadora Raquel Madureira e o presidente da C\u00e2mara Municipal de Aveiro, Ribau Esteves, entregaram os trof\u00e9us \u00e0s equipas Biqueir\u00e3o, de Avel\u00e3s de Cima (3.\u00ba), Safio, de \u00cdlhavo (2.\u00ba) e Pimp\u00e3o (1.\u00ba lugar, como no ano passado), tamb\u00e9m de Avel\u00e3s de Cima.<\/p>\n<p>&nbsp;<\/p>\n<p><a href=\"https:\/\/sites.ecclesia.pt\/cv\/wp-content\/uploads\/2017\/04\/ac\u00f3litos.jpg\"><img loading=\"lazy\" decoding=\"async\" class=\"alignnone size-full wp-image-27494\" src=\"https:\/\/sites.ecclesia.pt\/cv\/wp-content\/uploads\/2017\/04\/ac\u00f3litos.jpg\" alt=\"\" width=\"2848\" height=\"2136\" srcset=\"https:\/\/sites.ecclesia.pt\/cv\/wp-content\/uploads\/2017\/04\/ac\u00f3litos.jpg 2848w, https:\/\/sites.ecclesia.pt\/cv\/wp-content\/uploads\/2017\/04\/ac\u00f3litos-300x225.jpg 300w, https:\/\/sites.ecclesia.pt\/cv\/wp-content\/uploads\/2017\/04\/ac\u00f3litos-768x576.jpg 768w, https:\/\/sites.ecclesia.pt\/cv\/wp-content\/uploads\/2017\/04\/ac\u00f3litos-1024x768.jpg 1024w\" sizes=\"auto, (max-width: 2848px) 100vw, 2848px\" \/><\/a><\/p>\n<h2><strong>Dois ac\u00f3licos a caminho do presbiterado<\/strong><\/h2>\n<p>Pedro Rafael Ara\u00fajo de Oliveira (\u00e0 esq.) tem 24 anos e \u00e9 da par\u00f3quia de Ribeira de Fr\u00e1guas (Albergaria-a-Velha). Anda no Semin\u00e1rio dos Olivais e frequenta o 5.\u00ba ano do curto de Teologia da Universidade Cat\u00f3lica Portuguesa, tal com Jorge Manuel dos Santos Gon\u00e7alves (\u00e0 dir.), que tem 26 anos e \u00e9 da par\u00f3quia de Recard\u00e3es (\u00c1gueda).<\/p>\n<p>&nbsp;<\/p>\n<h3>Novo agrupamento escutista em Oliveira \u00a0do Bairro<\/h3>\n<p>Vai ser fundado no dia 30 de abril, com as primeiras promessas escutistas, na Missa das 10h00, o Agrupamento n.\u00ba 1396 do CNE (Corpo Nacional de Escutas) de Oliveira do Bairro. Na v\u00e9spera, h\u00e1 uma vig\u00edlia de ora\u00e7\u00e3o, pelas 21h30.<\/p>\n","protected":false},"excerpt":{"rendered":"<p>D. Ant\u00f3nio Moiteiro institui dois ac\u00f3litos, a caminho do presbiterado, e pediu aos dois milhares de jovens que coloquem a quest\u00e3o de ser padre, consagrado ou consagrada. &nbsp; D. Ant\u00f3nio Moiteiro fez um forte apelo vocacional aos cerca de 2100 jovens que participaram no dia de S. Jorge \u2013 Dia da Regi\u00e3o, no domingo, 23 [&hellip;]<\/p>\n","protected":false},"author":3,"featured_media":0,"comment_status":"closed","ping_status":"closed","sticky":false,"template":"","format":"standard","meta":{"footnotes":""},"categories":[38,70],"tags":[],"class_list":["post-27492","post","type-post","status-publish","format-standard","hentry","category-destaque","category-diocese"],"_links":{"self":[{"href":"https:\/\/sites.ecclesia.pt\/cv\/wp-json\/wp\/v2\/posts\/27492","targetHints":{"allow":["GET"]}}],"collection":[{"href":"https:\/\/sites.ecclesia.pt\/cv\/wp-json\/wp\/v2\/posts"}],"about":[{"href":"https:\/\/sites.ecclesia.pt\/cv\/wp-json\/wp\/v2\/types\/post"}],"author":[{"embeddable":true,"href":"https:\/\/sites.ecclesia.pt\/cv\/wp-json\/wp\/v2\/users\/3"}],"replies":[{"embeddable":true,"href":"https:\/\/sites.ecclesia.pt\/cv\/wp-json\/wp\/v2\/comments?post=27492"}],"version-history":[{"count":1,"href":"https:\/\/sites.ecclesia.pt\/cv\/wp-json\/wp\/v2\/posts\/27492\/revisions"}],"predecessor-version":[{"id":27495,"href":"https:\/\/sites.ecclesia.pt\/cv\/wp-json\/wp\/v2\/posts\/27492\/revisions\/27495"}],"wp:attachment":[{"href":"https:\/\/sites.ecclesia.pt\/cv\/wp-json\/wp\/v2\/media?parent=27492"}],"wp:term":[{"taxonomy":"category","embeddable":true,"href":"https:\/\/sites.ecclesia.pt\/cv\/wp-json\/wp\/v2\/categories?post=27492"},{"taxonomy":"post_tag","embeddable":true,"href":"https:\/\/sites.ecclesia.pt\/cv\/wp-json\/wp\/v2\/tags?post=27492"}],"curies":[{"name":"wp","href":"https:\/\/api.w.org\/{rel}","templated":true}]}}