{"id":27514,"date":"2017-05-04T14:16:01","date_gmt":"2017-05-04T14:16:01","guid":{"rendered":"http:\/\/sites.ecclesia.pt\/cv\/?p=27514"},"modified":"2017-05-04T14:16:01","modified_gmt":"2017-05-04T14:16:01","slug":"paroquia-de-agueda-vive-mes-de-maria-com-mais-intensidade","status":"publish","type":"post","link":"https:\/\/sites.ecclesia.pt\/cv\/paroquia-de-agueda-vive-mes-de-maria-com-mais-intensidade\/","title":{"rendered":"Par\u00f3quia de \u00c1gueda vive &#8220;m\u00eas de Maria&#8221; com mais intensidade"},"content":{"rendered":"<figure id=\"attachment_27515\" aria-describedby=\"caption-attachment-27515\" style=\"width: 1536px\" class=\"wp-caption alignnone\"><a href=\"https:\/\/sites.ecclesia.pt\/cv\/wp-content\/uploads\/2017\/05\/bispo.jpg\"><img loading=\"lazy\" decoding=\"async\" class=\"size-full wp-image-27515\" src=\"https:\/\/sites.ecclesia.pt\/cv\/wp-content\/uploads\/2017\/05\/bispo.jpg\" alt=\"\" width=\"1536\" height=\"2048\" srcset=\"https:\/\/sites.ecclesia.pt\/cv\/wp-content\/uploads\/2017\/05\/bispo.jpg 1536w, https:\/\/sites.ecclesia.pt\/cv\/wp-content\/uploads\/2017\/05\/bispo-225x300.jpg 225w, https:\/\/sites.ecclesia.pt\/cv\/wp-content\/uploads\/2017\/05\/bispo-768x1024.jpg 768w\" sizes=\"auto, (max-width: 1536px) 100vw, 1536px\" \/><\/a><figcaption id=\"caption-attachment-27515\" class=\"wp-caption-text\">D. Ant\u00f3nio Moiteiro presidiu ao in\u00edcio do \u201cm\u00eas de Maria\u201d em \u00c1gueda<\/figcaption><\/figure>\n<p>A par\u00f3quia de \u00c1gueda est\u00e1 a viver o m\u00eas de maio, no ano do centen\u00e1rio das Apari\u00e7\u00f5es, com duas a\u00e7\u00f5es especiais. A primeira a\u00e7\u00e3o \u00e9 o rezar do ter\u00e7o com a imagem de Nossa Senhora de F\u00e1tima, que percorrer\u00e1 durante todo o m\u00eas de maio os lugares com capela, os bairros novos (Alagoa, Ninho de \u00c1guia, Vale Domingos e Catraia de Assequins) e as institui\u00e7\u00f5es com utentes residentes (Bombeiros, Santa Casa, Cruz Vermelha, Cerciag e M\u00e1gico). Com concentra\u00e7\u00e3o di\u00e1ria \u00e0s 21h00 no local onde estiver a imagem da Virgem peregrina, reza-se o ter\u00e7o percorrendo o percurso at\u00e9 ao pr\u00f3ximo local. Aos s\u00e1bados, al\u00e9m do ter\u00e7o haver\u00e1 Eucaristia. Em alguns locais est\u00e3o previstas express\u00f5es especiais de louvor \u00e0 Virgem como a largada de bal\u00f5es, cart\u00f5es com mensagens, c\u00e2nticos pelos coros da Santa Casa e da Cruz Vermelha, Fanfarra da Cerciag, filme sobre F\u00e1tima, encontro de reflex\u00e3o e palestra sobre a mensagem de F\u00e1tima. O m\u00eas termina com a prociss\u00e3o e o ter\u00e7o entre Assequins e \u00c1gueda. A segunda a\u00e7\u00e3o est\u00e1 ligada \u00e0 primeira e consiste no lan\u00e7amento do livro \u201cMaria, M\u00e3e de Jesus e nossa M\u00e3e, rogai por n\u00f3s\u201d, que tem informa\u00e7\u00e3o sobre o que \u00e9 o Ros\u00e1rio, como se deve rezar e inclui um conjunto de propostas para ser utilizado durante todo o m\u00eas ou em qualquer \u00e9poca do ano. As receitas do livro ser\u00e3o para ajudar nas obras de restauro da igreja matriz de \u00c1gueda.<br \/>\nLocais e dias onde est\u00e1 a imagem de Nossa Senhora (ou seja, locais de concentra\u00e7\u00e3o; por exemplo, hoje, 3 de maio, a imagem est\u00e1 no Quartel dos Bombeiros e sai para a Capela de Sard\u00e3o; no \u00faltimo dia do m\u00eas, est\u00e1 em Assequins e sai para a Igreja de \u00c1gueda): 1 &#8211; Igreja de \u00c1gueda; 2 &#8211; Bombeiros; 3 &#8211; Bombeiros; 4 &#8211; Capela do Sard\u00e3o; 5 &#8211; Capela de Paredes; 6 &#8211; Lar da Santa Casa; 7 &#8211; Lar da Santa Casa; 8 &#8211; Capela S. Sebasti\u00e3o; 9 &#8211; Capela de S. Pedro; 10 &#8211; Cruz Vermelha; 11 &#8211; Cruz Vermelha; 12 &#8211; Cerciag; 13 &#8211; Cerciag; 14 &#8211; Alagoa; 15 &#8211; Ninho de \u00c1guia; 16 &#8211; Ameal; 17 &#8211; Gravan\u00e7o; 18 &#8211; Vale Domingos; 19 &#8211; Ma\u00e7oida; 20 &#8211; Giesteira; 21 &#8211; M\u00e1gico; 22 &#8211; M\u00e1gico; 23 &#8211; Rio C\u00f4vo; 24 &#8211; Raivo; 25 &#8211; Bolfiar; 26 &#8211; Alhandra; 27 &#8211; Alhandra; 28 &#8211; Catraia; 29 &#8211; Assequins; 30 &#8211; Assequins; 31 \u2013 Assequins.<\/p>\n","protected":false},"excerpt":{"rendered":"<p>A par\u00f3quia de \u00c1gueda est\u00e1 a viver o m\u00eas de maio, no ano do centen\u00e1rio das Apari\u00e7\u00f5es, com duas a\u00e7\u00f5es especiais. A primeira a\u00e7\u00e3o \u00e9 o rezar do ter\u00e7o com a imagem de Nossa Senhora de F\u00e1tima, que percorrer\u00e1 durante todo o m\u00eas de maio os lugares com capela, os bairros novos (Alagoa, Ninho de [&hellip;]<\/p>\n","protected":false},"author":3,"featured_media":0,"comment_status":"closed","ping_status":"closed","sticky":false,"template":"","format":"standard","meta":{"footnotes":""},"categories":[70],"tags":[],"class_list":["post-27514","post","type-post","status-publish","format-standard","hentry","category-diocese"],"_links":{"self":[{"href":"https:\/\/sites.ecclesia.pt\/cv\/wp-json\/wp\/v2\/posts\/27514","targetHints":{"allow":["GET"]}}],"collection":[{"href":"https:\/\/sites.ecclesia.pt\/cv\/wp-json\/wp\/v2\/posts"}],"about":[{"href":"https:\/\/sites.ecclesia.pt\/cv\/wp-json\/wp\/v2\/types\/post"}],"author":[{"embeddable":true,"href":"https:\/\/sites.ecclesia.pt\/cv\/wp-json\/wp\/v2\/users\/3"}],"replies":[{"embeddable":true,"href":"https:\/\/sites.ecclesia.pt\/cv\/wp-json\/wp\/v2\/comments?post=27514"}],"version-history":[{"count":1,"href":"https:\/\/sites.ecclesia.pt\/cv\/wp-json\/wp\/v2\/posts\/27514\/revisions"}],"predecessor-version":[{"id":27516,"href":"https:\/\/sites.ecclesia.pt\/cv\/wp-json\/wp\/v2\/posts\/27514\/revisions\/27516"}],"wp:attachment":[{"href":"https:\/\/sites.ecclesia.pt\/cv\/wp-json\/wp\/v2\/media?parent=27514"}],"wp:term":[{"taxonomy":"category","embeddable":true,"href":"https:\/\/sites.ecclesia.pt\/cv\/wp-json\/wp\/v2\/categories?post=27514"},{"taxonomy":"post_tag","embeddable":true,"href":"https:\/\/sites.ecclesia.pt\/cv\/wp-json\/wp\/v2\/tags?post=27514"}],"curies":[{"name":"wp","href":"https:\/\/api.w.org\/{rel}","templated":true}]}}