{"id":27517,"date":"2017-05-04T14:20:38","date_gmt":"2017-05-04T14:20:38","guid":{"rendered":"http:\/\/sites.ecclesia.pt\/cv\/?p=27517"},"modified":"2017-05-04T14:20:38","modified_gmt":"2017-05-04T14:20:38","slug":"escutismo-chega-a-oliveira-do-bairro","status":"publish","type":"post","link":"https:\/\/sites.ecclesia.pt\/cv\/escutismo-chega-a-oliveira-do-bairro\/","title":{"rendered":"Escutismo chega a Oliveira do Bairro"},"content":{"rendered":"<figure id=\"attachment_27518\" aria-describedby=\"caption-attachment-27518\" style=\"width: 2848px\" class=\"wp-caption alignnone\"><a href=\"https:\/\/sites.ecclesia.pt\/cv\/wp-content\/uploads\/2017\/05\/03-cne-olibairro-principal.jpg\"><img loading=\"lazy\" decoding=\"async\" class=\"size-full wp-image-27518\" src=\"https:\/\/sites.ecclesia.pt\/cv\/wp-content\/uploads\/2017\/05\/03-cne-olibairro-principal.jpg\" alt=\"\" width=\"2848\" height=\"2136\" srcset=\"https:\/\/sites.ecclesia.pt\/cv\/wp-content\/uploads\/2017\/05\/03-cne-olibairro-principal.jpg 2848w, https:\/\/sites.ecclesia.pt\/cv\/wp-content\/uploads\/2017\/05\/03-cne-olibairro-principal-300x225.jpg 300w, https:\/\/sites.ecclesia.pt\/cv\/wp-content\/uploads\/2017\/05\/03-cne-olibairro-principal-768x576.jpg 768w, https:\/\/sites.ecclesia.pt\/cv\/wp-content\/uploads\/2017\/05\/03-cne-olibairro-principal-1024x768.jpg 1024w\" sizes=\"auto, (max-width: 2848px) 100vw, 2848px\" \/><\/a><figcaption id=\"caption-attachment-27518\" class=\"wp-caption-text\">Promessa escutista sobre o livro dos Evangelhos<\/figcaption><\/figure>\n<p><strong>Agrupamento n.\u00ba 1396 come\u00e7a com tr\u00eas dirigentes e um grupo de lobitos. C\u00e2mara Municipal cede salas de uma antiga escola prim\u00e1ria para a sede.<\/strong><\/p>\n<p>&nbsp;<\/p>\n<p>Com a promessa escutista de tr\u00eas dirigentes, est\u00e1 constitu\u00eddo o Agrupamento n.\u00ba 1396 do Corpo Nacional de Escutas (CNE) \u2013 Escutismo Cat\u00f3lico. Rute, F\u00e1bio e Alexandra fizeram o seu compromisso sobre o livro dos Evangelhos, na Eucaristia de 30 de abril, na igreja de Oliveira do Bairro, na presen\u00e7a da comunidade crist\u00e3 e de dezenas de escuteiros de outros agrupamentos, incluindo o atual chefe regional, Jos\u00e9 Carlos Santos, e os dois anteriores. Agora os novos dirigentes v\u00e3o constituir uma alcateia (grupo dos mais novos \u2013 len\u00e7os amarelos) de 12 lobitos. Para j\u00e1, est\u00e3o inscritas sete crian\u00e7as e aceitam-se mais inscri\u00e7\u00f5es at\u00e9 setembro.<\/p>\n<figure id=\"attachment_27519\" aria-describedby=\"caption-attachment-27519\" style=\"width: 2848px\" class=\"wp-caption alignnone\"><a href=\"https:\/\/sites.ecclesia.pt\/cv\/wp-content\/uploads\/2017\/05\/03-cne-olivbairro.jpg\"><img loading=\"lazy\" decoding=\"async\" class=\"size-full wp-image-27519\" src=\"https:\/\/sites.ecclesia.pt\/cv\/wp-content\/uploads\/2017\/05\/03-cne-olivbairro.jpg\" alt=\"\" width=\"2848\" height=\"2136\" srcset=\"https:\/\/sites.ecclesia.pt\/cv\/wp-content\/uploads\/2017\/05\/03-cne-olivbairro.jpg 2848w, https:\/\/sites.ecclesia.pt\/cv\/wp-content\/uploads\/2017\/05\/03-cne-olivbairro-300x225.jpg 300w, https:\/\/sites.ecclesia.pt\/cv\/wp-content\/uploads\/2017\/05\/03-cne-olivbairro-768x576.jpg 768w, https:\/\/sites.ecclesia.pt\/cv\/wp-content\/uploads\/2017\/05\/03-cne-olivbairro-1024x768.jpg 1024w\" sizes=\"auto, (max-width: 2848px) 100vw, 2848px\" \/><\/a><figcaption id=\"caption-attachment-27519\" class=\"wp-caption-text\">Assinatura do protocolo de ced\u00eancia de salas para os escuteiros<\/figcaption><\/figure>\n<p>A Eucaristia das promessas foi presidida pelo p\u00e1roco, P.e Leonel Abrantes, que real\u00e7ou a qualidade do \u201cmovimento v\u00e1lido para a forma\u00e7\u00e3o de jovens e crian\u00e7as\u201d. \u201cOs chefes ajudam os pais a educar os filhos com valores, com princ\u00edpios, com f\u00e9\u201d, disse o p\u00e1roco. Aos novos chefes afirmou que o len\u00e7o verde que receberam \u201c\u00e9 pesado\u201d e faz deles \u201cirm\u00e3os mais velhos\u201d mas tamb\u00e9m \u201cpais e m\u00e3es\u201d das crian\u00e7as e jovens que lhes s\u00e3o confiados. Por outro lado, mostrou uma \u201calegria pessoal\u201d porque, quando dava os primeiros passos no escutismo e participava num acampamento da Regi\u00e3o da Bairrada, h\u00e1 mais de uma dezena de anos, ouvia falar do desejo de um agrupamento em Oliveira do Bairro. Nunca imaginaria que, agora, seria ele a presidir \u00e0 Eucaristia de constitui\u00e7\u00e3o do agrupamento.<br \/>\nNo final de celebra\u00e7\u00e3o, a nova chefe assinou com o vice-presidente da C\u00e2mara Municipal de Oliveira do Bairro um protocolo em que a autarquia cede duas salas na antiga escola primeira da Oliveira do Bairro para sede e desenvolvimento das atividades escutistas.<br \/>\nNos discursos finais, na conclus\u00e3o da celebra\u00e7\u00e3o, Rute Cavadas agradeceu aos muitos que colaboraram para a chegada do momento da funda\u00e7\u00e3o, manifestou a disponibilidade dos novos dirigentes para a tarefa educativa que \u00e9 pr\u00f3pria do escutismo e pediu ao vice-presidente da CMOB que continue a apoiar o escutismo, agora obras na sede cujo protocolo de ced\u00eancia tinha sido acabado de assinar. O vice-presidente Crist\u00f3v\u00e3o Oliveira congratulou-se com o novo movimento que tamb\u00e9m aposta na forma\u00e7\u00e3o dos jovens para a cidadania. Jos\u00e9 Carlos Santos, chefe regional, pediu aos novos chefes que sejam \u201ctestemunho generoso do servi\u00e7o ao pr\u00f3ximo\u201d, numa altura em que os jovens caem em \u201cfalsas emo\u00e7\u00f5es alienantes que desrespeitam a pr\u00f3pria vida\u201d. O papel do dirigente, enquanto educador, com m\u00e9todo escutista, que consiste quase em ser uma \u201cpequena fam\u00edlia\u201d (as patrulhas ou equipas), \u00e9 o de \u201cdiscernir o que ajuda a crescer\u201d e dar princ\u00edpios e valores que ajudem os jovens a afastar \u201csensa\u00e7\u00f5es ocas de sentido\u201d. O \u201cdesafio \u00e9 t\u00e3o complexo quanto gratificante\u201d, rematou o chefe regional. Ap\u00f3s a celebra\u00e7\u00e3o, j\u00e1 no exterior da igreja, i\u00e7ou-se a bandeira nacional e cantou-se o hino. A festa continuou no almo\u00e7o.<br \/>\n<strong>J.P.F.<\/strong><\/p>\n<p>&nbsp;<\/p>\n<h3><\/h3>\n<figure id=\"attachment_27521\" aria-describedby=\"caption-attachment-27521\" style=\"width: 200px\" class=\"wp-caption alignnone\"><a href=\"https:\/\/sites.ecclesia.pt\/cv\/wp-content\/uploads\/2017\/05\/03-Rute-1.jpg\"><img loading=\"lazy\" decoding=\"async\" class=\"wp-image-27521\" src=\"https:\/\/sites.ecclesia.pt\/cv\/wp-content\/uploads\/2017\/05\/03-Rute-1.jpg\" alt=\"\" width=\"200\" height=\"267\" srcset=\"https:\/\/sites.ecclesia.pt\/cv\/wp-content\/uploads\/2017\/05\/03-Rute-1.jpg 2136w, https:\/\/sites.ecclesia.pt\/cv\/wp-content\/uploads\/2017\/05\/03-Rute-1-225x300.jpg 225w, https:\/\/sites.ecclesia.pt\/cv\/wp-content\/uploads\/2017\/05\/03-Rute-1-768x1024.jpg 768w\" sizes=\"auto, (max-width: 200px) 100vw, 200px\" \/><\/a><figcaption id=\"caption-attachment-27521\" class=\"wp-caption-text\">Rute Cavadas<\/figcaption><\/figure>\n<h3>Primeira chefe de agrupamento<\/h3>\n<p>Rute Ferreira da Silva Cavadas \u00e9 a primeira chefe de agrupamento. Tem como adjunto o seminarista F\u00e1bio Freches, finalista no Semin\u00e1rio dos Olivais, que est\u00e1 a fazer est\u00e1gio pastoral em Oliveira do Bairro. O agrupamento tem como patrono o Arcanjo S\u00e3o Miguel (padroeiro da par\u00f3quia). J\u00e1 a alcateia (lobitos) tem como patrono o pastorinho Francisco Marto, que dentro de dias ser\u00e1 declarado santo. O Agrupamento de Oliveira do Bairro \u00e9 apadrinhado pelo do Troviscal, ou seja, desde h\u00e1 v\u00e1rios anos e durante os pr\u00f3ximos tempos, enquanto for necess\u00e1rio, os escuteiros do Troviscal ajudam os de Oliveira do Bairro.<\/p>\n","protected":false},"excerpt":{"rendered":"<p>Agrupamento n.\u00ba 1396 come\u00e7a com tr\u00eas dirigentes e um grupo de lobitos. C\u00e2mara Municipal cede salas de uma antiga escola prim\u00e1ria para a sede. &nbsp; Com a promessa escutista de tr\u00eas dirigentes, est\u00e1 constitu\u00eddo o Agrupamento n.\u00ba 1396 do Corpo Nacional de Escutas (CNE) \u2013 Escutismo Cat\u00f3lico. Rute, F\u00e1bio e Alexandra fizeram o seu compromisso [&hellip;]<\/p>\n","protected":false},"author":3,"featured_media":0,"comment_status":"closed","ping_status":"closed","sticky":false,"template":"","format":"standard","meta":{"footnotes":""},"categories":[38],"tags":[],"class_list":["post-27517","post","type-post","status-publish","format-standard","hentry","category-destaque"],"_links":{"self":[{"href":"https:\/\/sites.ecclesia.pt\/cv\/wp-json\/wp\/v2\/posts\/27517","targetHints":{"allow":["GET"]}}],"collection":[{"href":"https:\/\/sites.ecclesia.pt\/cv\/wp-json\/wp\/v2\/posts"}],"about":[{"href":"https:\/\/sites.ecclesia.pt\/cv\/wp-json\/wp\/v2\/types\/post"}],"author":[{"embeddable":true,"href":"https:\/\/sites.ecclesia.pt\/cv\/wp-json\/wp\/v2\/users\/3"}],"replies":[{"embeddable":true,"href":"https:\/\/sites.ecclesia.pt\/cv\/wp-json\/wp\/v2\/comments?post=27517"}],"version-history":[{"count":1,"href":"https:\/\/sites.ecclesia.pt\/cv\/wp-json\/wp\/v2\/posts\/27517\/revisions"}],"predecessor-version":[{"id":27522,"href":"https:\/\/sites.ecclesia.pt\/cv\/wp-json\/wp\/v2\/posts\/27517\/revisions\/27522"}],"wp:attachment":[{"href":"https:\/\/sites.ecclesia.pt\/cv\/wp-json\/wp\/v2\/media?parent=27517"}],"wp:term":[{"taxonomy":"category","embeddable":true,"href":"https:\/\/sites.ecclesia.pt\/cv\/wp-json\/wp\/v2\/categories?post=27517"},{"taxonomy":"post_tag","embeddable":true,"href":"https:\/\/sites.ecclesia.pt\/cv\/wp-json\/wp\/v2\/tags?post=27517"}],"curies":[{"name":"wp","href":"https:\/\/api.w.org\/{rel}","templated":true}]}}