{"id":27524,"date":"2017-05-19T11:03:15","date_gmt":"2017-05-19T11:03:15","guid":{"rendered":"http:\/\/sites.ecclesia.pt\/cv\/?p=27524"},"modified":"2017-05-19T11:03:15","modified_gmt":"2017-05-19T11:03:15","slug":"d-antonio-moiteiro-santuario-recebeu-um-papa-sintonizado-com-a-mensagem-mariana","status":"publish","type":"post","link":"https:\/\/sites.ecclesia.pt\/cv\/d-antonio-moiteiro-santuario-recebeu-um-papa-sintonizado-com-a-mensagem-mariana\/","title":{"rendered":"D. Ant\u00f3nio Moiteiro: Santu\u00e1rio recebeu um Papa &#8220;sintonizado&#8221; com a mensagem mariana"},"content":{"rendered":"<figure id=\"attachment_27525\" aria-describedby=\"caption-attachment-27525\" style=\"width: 4500px\" class=\"wp-caption alignnone\"><a href=\"https:\/\/sites.ecclesia.pt\/cv\/wp-content\/uploads\/2017\/05\/20Papa-Francisco-com-os-bispos-porugueses_cor.jpg\"><img loading=\"lazy\" decoding=\"async\" class=\"size-full wp-image-27525\" src=\"https:\/\/sites.ecclesia.pt\/cv\/wp-content\/uploads\/2017\/05\/20Papa-Francisco-com-os-bispos-porugueses_cor.jpg\" alt=\"\" width=\"4500\" height=\"3000\" srcset=\"https:\/\/sites.ecclesia.pt\/cv\/wp-content\/uploads\/2017\/05\/20Papa-Francisco-com-os-bispos-porugueses_cor.jpg 4500w, https:\/\/sites.ecclesia.pt\/cv\/wp-content\/uploads\/2017\/05\/20Papa-Francisco-com-os-bispos-porugueses_cor-300x200.jpg 300w, https:\/\/sites.ecclesia.pt\/cv\/wp-content\/uploads\/2017\/05\/20Papa-Francisco-com-os-bispos-porugueses_cor-768x512.jpg 768w, https:\/\/sites.ecclesia.pt\/cv\/wp-content\/uploads\/2017\/05\/20Papa-Francisco-com-os-bispos-porugueses_cor-1024x683.jpg 1024w\" sizes=\"auto, (max-width: 4500px) 100vw, 4500px\" \/><\/a><figcaption id=\"caption-attachment-27525\" class=\"wp-caption-text\">Papa Francisco com os bispos portugueses<\/figcaption><\/figure>\n<p>O bispo de Aveiro diz que foi um Papa \u201csintonizado\u201d com a mensagem de F\u00e1tima que esteve no Centen\u00e1rio das Apari\u00e7\u00f5es e na canoniza\u00e7\u00e3o de Francisco e Jacinta Marto, nos dias 12 e 13 de maio. Em declara\u00e7\u00f5es \u00e0 Ag\u00eancia Ecclesia, D. Ant\u00f3nio Moiteiro enalteceu um discurso \u201cmuito forte\u201d do Papa argentino, \u00e0 volta \u201cda paz e do amor aos mais pobres\u201d. Algo \u201cque encaixa perfeitamente com a dimens\u00e3o da mensagem de F\u00e1tima com os pastorinhos, na preocupa\u00e7\u00e3o com a convers\u00e3o dos pecadores\u201d, considerou.<br \/>\nPor outro lado, o bispo de Aveiro entende que as interven\u00e7\u00f5es de Francisco apelaram tamb\u00e9m \u00e0 \u201cesperan\u00e7a\u201d e a uma vida crist\u00e3 feita \u201ccom alegria, com otimismo\u201d, o que \u00e9 essencial na sociedade atual.<br \/>\n\u201cQuando se \u00e9 pessoa de esperan\u00e7a olha-se o mundo com os olhos de Deus e o cora\u00e7\u00e3o das pessoas com o cora\u00e7\u00e3o de Deus\u201d, e quando a vida de Igreja \u00e9 vivida em pleno n\u00e3o fica fechada \u201cem si mesma\u201d, mas procura estar sempre \u201cem sa\u00edda\u201d, real\u00e7ou D. Ant\u00f3nio Moiteiro, que considera este tamb\u00e9m um repto para os respons\u00e1veis da Igreja Cat\u00f3lica no pa\u00eds. \u201cPara tamb\u00e9m anunciarmos este evangelho da esperan\u00e7a e da alegria aos outros\u201d, completou.<br \/>\nO bispo de Aveiro considerou tamb\u00e9m muito significativo o facto de a visita do Papa ter inclu\u00eddo a canoniza\u00e7\u00e3o de Francisco e Jacinta Marto, dois novos santos portugueses. Isto enquanto \u201capelo\u201d a cada pessoa, a cada cat\u00f3lico \u201ccaminhar cada vez mais na santidade, centro e apelo da vida crist\u00e3\u201d, sustentou.<br \/>\nD. Ant\u00f3nio Moiteiro adiantou depois alguns pormenores do almo\u00e7o dos bispos portugueses com o Papa, no final da sua visita ao Santu\u00e1rio de F\u00e1tima. Um momento marcado pela \u201cinformalidade\u201d de Francisco, que chegou mesmo a \u201cpedir desculpa\u201d aos bispos por serem \u201cos \u00faltimos a ser saudados por ele\u201d. \u201cNo momento da fotografia ele disse que nem t\u00ednhamos tido tempo de conversar, que teria de ficar para outra vez, pediu desculpa por n\u00e3o ter tido mais tempo para n\u00f3s. Isto \u00e9 muito significativo de um Papa que est\u00e1 muito atento aos pastores que aqui em Portugal procuram construir tamb\u00e9m o Reino de Deus\u201c, concluiu o bispo de Aveiro.<br \/>\n<strong>Ag. Ecclesia<\/strong><\/p>\n","protected":false},"excerpt":{"rendered":"<p>O bispo de Aveiro diz que foi um Papa \u201csintonizado\u201d com a mensagem de F\u00e1tima que esteve no Centen\u00e1rio das Apari\u00e7\u00f5es e na canoniza\u00e7\u00e3o de Francisco e Jacinta Marto, nos dias 12 e 13 de maio. Em declara\u00e7\u00f5es \u00e0 Ag\u00eancia Ecclesia, D. Ant\u00f3nio Moiteiro enalteceu um discurso \u201cmuito forte\u201d do Papa argentino, \u00e0 volta \u201cda [&hellip;]<\/p>\n","protected":false},"author":3,"featured_media":0,"comment_status":"closed","ping_status":"closed","sticky":false,"template":"","format":"standard","meta":{"footnotes":""},"categories":[70],"tags":[],"class_list":["post-27524","post","type-post","status-publish","format-standard","hentry","category-diocese"],"_links":{"self":[{"href":"https:\/\/sites.ecclesia.pt\/cv\/wp-json\/wp\/v2\/posts\/27524","targetHints":{"allow":["GET"]}}],"collection":[{"href":"https:\/\/sites.ecclesia.pt\/cv\/wp-json\/wp\/v2\/posts"}],"about":[{"href":"https:\/\/sites.ecclesia.pt\/cv\/wp-json\/wp\/v2\/types\/post"}],"author":[{"embeddable":true,"href":"https:\/\/sites.ecclesia.pt\/cv\/wp-json\/wp\/v2\/users\/3"}],"replies":[{"embeddable":true,"href":"https:\/\/sites.ecclesia.pt\/cv\/wp-json\/wp\/v2\/comments?post=27524"}],"version-history":[{"count":1,"href":"https:\/\/sites.ecclesia.pt\/cv\/wp-json\/wp\/v2\/posts\/27524\/revisions"}],"predecessor-version":[{"id":27526,"href":"https:\/\/sites.ecclesia.pt\/cv\/wp-json\/wp\/v2\/posts\/27524\/revisions\/27526"}],"wp:attachment":[{"href":"https:\/\/sites.ecclesia.pt\/cv\/wp-json\/wp\/v2\/media?parent=27524"}],"wp:term":[{"taxonomy":"category","embeddable":true,"href":"https:\/\/sites.ecclesia.pt\/cv\/wp-json\/wp\/v2\/categories?post=27524"},{"taxonomy":"post_tag","embeddable":true,"href":"https:\/\/sites.ecclesia.pt\/cv\/wp-json\/wp\/v2\/tags?post=27524"}],"curies":[{"name":"wp","href":"https:\/\/api.w.org\/{rel}","templated":true}]}}