{"id":27548,"date":"2017-05-19T15:26:17","date_gmt":"2017-05-19T15:26:17","guid":{"rendered":"http:\/\/sites.ecclesia.pt\/cv\/?p=27548"},"modified":"2017-05-19T15:26:17","modified_gmt":"2017-05-19T15:26:17","slug":"padre-manuel-armando-lanca-novo-livro-de-poemas","status":"publish","type":"post","link":"https:\/\/sites.ecclesia.pt\/cv\/padre-manuel-armando-lanca-novo-livro-de-poemas\/","title":{"rendered":"Padre Manuel Armando lan\u00e7a novo livro de poemas"},"content":{"rendered":"<figure id=\"attachment_27549\" aria-describedby=\"caption-attachment-27549\" style=\"width: 1489px\" class=\"wp-caption alignnone\"><a href=\"https:\/\/sites.ecclesia.pt\/cv\/wp-content\/uploads\/2017\/05\/02-p.e-manuel-armando.jpg\"><img loading=\"lazy\" decoding=\"async\" class=\"size-full wp-image-27549\" src=\"https:\/\/sites.ecclesia.pt\/cv\/wp-content\/uploads\/2017\/05\/02-p.e-manuel-armando.jpg\" alt=\"\" width=\"1489\" height=\"1817\" srcset=\"https:\/\/sites.ecclesia.pt\/cv\/wp-content\/uploads\/2017\/05\/02-p.e-manuel-armando.jpg 1489w, https:\/\/sites.ecclesia.pt\/cv\/wp-content\/uploads\/2017\/05\/02-p.e-manuel-armando-246x300.jpg 246w, https:\/\/sites.ecclesia.pt\/cv\/wp-content\/uploads\/2017\/05\/02-p.e-manuel-armando-768x937.jpg 768w, https:\/\/sites.ecclesia.pt\/cv\/wp-content\/uploads\/2017\/05\/02-p.e-manuel-armando-839x1024.jpg 839w\" sizes=\"auto, (max-width: 1489px) 100vw, 1489px\" \/><\/a><figcaption id=\"caption-attachment-27549\" class=\"wp-caption-text\">Padre Manuel Armando e o seu novo livro<\/figcaption><\/figure>\n<p>Tem como t\u00edtulo \u201cCelebrar a vida na beleza de Deus\u201d. \u00c9 o s\u00e9timo livro do P.e Manuel Armando e vai ser apresentado no dia 20 de maio, \u00e0s 15h, no Sal\u00e3o da Junta de Freguesia de Aguada de Baixo. O lan\u00e7amento contar\u00e1 com interven\u00e7\u00f5es do historiador Amaro Neves e do jornalista e escritor Armor Pires Mota. Como \u00e9 habitual nos lan\u00e7amentos dos livros do P.e Manuel Armando, haver\u00e1 um espet\u00e1culo de variedades, desta vez com o Orfe\u00e3o de Aguada de Baixo, ilusionistas portuenses e can\u00e7onetistas. O livro do p\u00e1roco de Aguada de Baixo e Avel\u00e3s de Caminho, tamb\u00e9m conhecido por desempenhar artes de palco, nomeadamente magia e hipnose teatral, estar\u00e1 \u00e0 venda por 12,50 euros, revertendo os lucros, novamente, para a Casa Sacerdotal Santa Joana Princesa.<br \/>\n\u201cCelebrar a vida na beleza de Deus\u201d \u00e9 composto por poemas que \u201causcultam a vida, a natureza, a f\u00e9 e todos os sentimentos humanos\u201d, afirma o autor, v\u00e1rios deles ilustrados Jeremias Bandarra. Sobre o autor, escreve Armor Pires Mota na introdu\u00e7\u00e3o: \u201cPadre Manuel Armando continua na aturada faina da poesia, cumprindo como que um dever para consigo pr\u00f3prio e para com a sociedade. Quando sente o sol ou o sopro da vira\u00e7\u00e3o, que lhe trazem \u00e0 sua intimidade ou \u00e0 intimidade com o Criador, \u00e9 nesse momento que semeia palavras, ritmos, recados, alertas, perguntas e respostas, \u201ccelebrando a vida na Beleza de Deus\u00bb(\u2026)\u201d.<\/p>\n","protected":false},"excerpt":{"rendered":"<p>Tem como t\u00edtulo \u201cCelebrar a vida na beleza de Deus\u201d. \u00c9 o s\u00e9timo livro do P.e Manuel Armando e vai ser apresentado no dia 20 de maio, \u00e0s 15h, no Sal\u00e3o da Junta de Freguesia de Aguada de Baixo. O lan\u00e7amento contar\u00e1 com interven\u00e7\u00f5es do historiador Amaro Neves e do jornalista e escritor Armor Pires [&hellip;]<\/p>\n","protected":false},"author":3,"featured_media":0,"comment_status":"closed","ping_status":"closed","sticky":false,"template":"","format":"standard","meta":{"footnotes":""},"categories":[70],"tags":[],"class_list":["post-27548","post","type-post","status-publish","format-standard","hentry","category-diocese"],"_links":{"self":[{"href":"https:\/\/sites.ecclesia.pt\/cv\/wp-json\/wp\/v2\/posts\/27548","targetHints":{"allow":["GET"]}}],"collection":[{"href":"https:\/\/sites.ecclesia.pt\/cv\/wp-json\/wp\/v2\/posts"}],"about":[{"href":"https:\/\/sites.ecclesia.pt\/cv\/wp-json\/wp\/v2\/types\/post"}],"author":[{"embeddable":true,"href":"https:\/\/sites.ecclesia.pt\/cv\/wp-json\/wp\/v2\/users\/3"}],"replies":[{"embeddable":true,"href":"https:\/\/sites.ecclesia.pt\/cv\/wp-json\/wp\/v2\/comments?post=27548"}],"version-history":[{"count":1,"href":"https:\/\/sites.ecclesia.pt\/cv\/wp-json\/wp\/v2\/posts\/27548\/revisions"}],"predecessor-version":[{"id":27550,"href":"https:\/\/sites.ecclesia.pt\/cv\/wp-json\/wp\/v2\/posts\/27548\/revisions\/27550"}],"wp:attachment":[{"href":"https:\/\/sites.ecclesia.pt\/cv\/wp-json\/wp\/v2\/media?parent=27548"}],"wp:term":[{"taxonomy":"category","embeddable":true,"href":"https:\/\/sites.ecclesia.pt\/cv\/wp-json\/wp\/v2\/categories?post=27548"},{"taxonomy":"post_tag","embeddable":true,"href":"https:\/\/sites.ecclesia.pt\/cv\/wp-json\/wp\/v2\/tags?post=27548"}],"curies":[{"name":"wp","href":"https:\/\/api.w.org\/{rel}","templated":true}]}}