{"id":27551,"date":"2017-05-25T14:26:55","date_gmt":"2017-05-25T14:26:55","guid":{"rendered":"http:\/\/sites.ecclesia.pt\/cv\/?p=27551"},"modified":"2017-05-25T14:27:48","modified_gmt":"2017-05-25T14:27:48","slug":"noticia-felizo-proximo-domingo-festa-da-ascensao-do-senhor-traz-consigo-a-celebracao-do-51-o-dia-mundial-das-comunicacoes-sociais-como-e-habitual-o-papa-escreve-uma-mensagem-para-esse-dia-desta-v","status":"publish","type":"post","link":"https:\/\/sites.ecclesia.pt\/cv\/noticia-felizo-proximo-domingo-festa-da-ascensao-do-senhor-traz-consigo-a-celebracao-do-51-o-dia-mundial-das-comunicacoes-sociais-como-e-habitual-o-papa-escreve-uma-mensagem-para-esse-dia-desta-v\/","title":{"rendered":"Not\u00edcia feliz"},"content":{"rendered":"<figure id=\"attachment_24498\" aria-describedby=\"caption-attachment-24498\" style=\"width: 100px\" class=\"wp-caption alignnone\"><a href=\"https:\/\/sites.ecclesia.pt\/cv\/wp-content\/uploads\/2014\/02\/Querubim-silva.jpg\"><img loading=\"lazy\" decoding=\"async\" class=\"size-full wp-image-24498\" src=\"https:\/\/sites.ecclesia.pt\/cv\/wp-content\/uploads\/2014\/02\/Querubim-silva.jpg\" alt=\"\" width=\"100\" height=\"140\" \/><\/a><figcaption id=\"caption-attachment-24498\" class=\"wp-caption-text\">Querubim Silva<br \/>Padre. Diretor<\/figcaption><\/figure>\n<p>O pr\u00f3ximo domingo, festa da Ascens\u00e3o do Senhor, traz consigo a celebra\u00e7\u00e3o do 51.\u00ba dia Mundial das Comunica\u00e7\u00f5es Sociais. Como \u00e9 habitual, o Papa escreve uma mensagem para esse dia.<br \/>\nDesta vez, Francisco exortou a comunica\u00e7\u00e3o social a adotar um estilo baseado na l\u00f3gica da \u201cboa not\u00edcia\u201d em vez da \u201cm\u00e1 not\u00edcia\u201d, e fez um apelo a que se promova a cultura de uma comunica\u00e7\u00e3o \u201cde esperan\u00e7a e confian\u00e7a\u201d.<br \/>\n\u201cCreio que h\u00e1 necessidade de romper o c\u00edrculo vicioso da ang\u00fastia e deter a espiral do medo, resultante do h\u00e1bito de se fixar a aten\u00e7\u00e3o nas \u00abnot\u00edcias m\u00e1s\u00bb (guerras, terrorismo, esc\u00e2ndalos)\u201d, refere o Santo Padre. Sem deixar de advertir que \u201cn\u00e3o se trata, naturalmente, de promover a desinforma\u00e7\u00e3o, onde seja ignorado o drama do sofrimento, nem de cair num otimismo ing\u00e9nuo, que n\u00e3o se deixe tocar pelo esc\u00e2ndalo do mal\u201d.<br \/>\nConsciente de que a comunica\u00e7\u00e3o social tem um peso enorme no moldar das consci\u00eancias, o Papa acrescenta: \u201cAli\u00e1s, num sistema comunicador onde vigora a l\u00f3gica de que uma not\u00edcia boa n\u00e3o desperta a aten\u00e7\u00e3o, e, por conseguinte n\u00e3o \u00e9 uma not\u00edcia, e onde o drama do sofrimento e o mist\u00e9rio do mal facilmente s\u00e3o elevados a espet\u00e1culo, podemos ser tentados a anestesiar a consci\u00eancia ou cair no desespero\u201d.<br \/>\nO pr\u00f3prio Papa se disp\u00f5e a dar a sua contribui\u00e7\u00e3o para a busca \u201cdum estilo comunicador aberto e criativo, que n\u00e3o se prontifique a conceder papel de protagonista ao mal, mas procure evidenciar as poss\u00edveis solu\u00e7\u00f5es, inspirando uma abordagem propositiva e respons\u00e1vel nas pessoas a quem se comunica a not\u00edcia\u201d.<br \/>\nEsta semana, o nosso Pa\u00eds recebeu uma excelente not\u00edcia: a sa\u00edda de Portugal do Procedimento por D\u00e9fice Excessivo (PDE), depois de oito anos de \u201cvia dolorosa\u201d. M\u00e9rito do sacrif\u00edcio de muitos portugueses &#8211; n\u00e3o \u00e9 correto dizer \u201ctodos os portugueses\u201d, dado que alguns aumentaram os seus ganhos e n\u00e3o se diminui a dist\u00e2ncia entre poucos ricos e uma multid\u00e3o de pobres; de dois governos &#8211; porque os apertos de cinto foram crescentes para a maioria dos portugueses, salvo uns tantos que, \u00e0 sombra do Estado, t\u00eam tratamento preferencial.<br \/>\nEstamos todos felizes, porque parece que um raio de sol come\u00e7a a aquecer o inverno em que temos vivido. Todavia, \u00e9 importante atender \u00e0 advert\u00eancia de Francisco, para que se n\u00e3o promova a \u201cdesinforma\u00e7\u00e3o, onde seja ignorado o drama do sofrimento\u201d, nem se caia \u201cnum otimismo ing\u00e9nuo\u201d. Importa n\u00e3o ocultar que a nova situa\u00e7\u00e3o \u201cvai deixar o pa\u00eds sujeito a regras mais apertadas\u201d, embora abra \u201ctamb\u00e9m caminho a cl\u00e1usulas de flexibilidade, vedadas at\u00e9 aqui, que permitem desvios face \u00e0quelas obriga\u00e7\u00f5es\u201d.<br \/>\n\u201cEsta decis\u00e3o n\u00e3o significa necessariamente um al\u00edvio para Portugal, uma vez que, saindo do PDE, passa do bra\u00e7o corretivo para o bra\u00e7o preventivo do Pacto de Estabilidade e Crescimento (PEC), ficando do mesmo modo obrigado a apresentar ajustamentos estruturais todos os anos e a baixar a d\u00edvida p\u00fablica a um ritmo mais acelerado\u201d.<br \/>\nUma feliz not\u00edcia! Dada com a verdade completa, n\u00e3o deixa de o ser. Todavia, n\u00e3o ilude, n\u00e3o lan\u00e7a na euforia da inconsci\u00eancia pela desinforma\u00e7\u00e3o. A verdade liberta!<\/p>\n","protected":false},"excerpt":{"rendered":"<p>O pr\u00f3ximo domingo, festa da Ascens\u00e3o do Senhor, traz consigo a celebra\u00e7\u00e3o do 51.\u00ba dia Mundial das Comunica\u00e7\u00f5es Sociais. Como \u00e9 habitual, o Papa escreve uma mensagem para esse dia. Desta vez, Francisco exortou a comunica\u00e7\u00e3o social a adotar um estilo baseado na l\u00f3gica da \u201cboa not\u00edcia\u201d em vez da \u201cm\u00e1 not\u00edcia\u201d, e fez um [&hellip;]<\/p>\n","protected":false},"author":3,"featured_media":0,"comment_status":"closed","ping_status":"closed","sticky":false,"template":"","format":"standard","meta":{"footnotes":""},"categories":[62],"tags":[],"class_list":["post-27551","post","type-post","status-publish","format-standard","hentry","category-opiniao"],"_links":{"self":[{"href":"https:\/\/sites.ecclesia.pt\/cv\/wp-json\/wp\/v2\/posts\/27551","targetHints":{"allow":["GET"]}}],"collection":[{"href":"https:\/\/sites.ecclesia.pt\/cv\/wp-json\/wp\/v2\/posts"}],"about":[{"href":"https:\/\/sites.ecclesia.pt\/cv\/wp-json\/wp\/v2\/types\/post"}],"author":[{"embeddable":true,"href":"https:\/\/sites.ecclesia.pt\/cv\/wp-json\/wp\/v2\/users\/3"}],"replies":[{"embeddable":true,"href":"https:\/\/sites.ecclesia.pt\/cv\/wp-json\/wp\/v2\/comments?post=27551"}],"version-history":[{"count":2,"href":"https:\/\/sites.ecclesia.pt\/cv\/wp-json\/wp\/v2\/posts\/27551\/revisions"}],"predecessor-version":[{"id":27553,"href":"https:\/\/sites.ecclesia.pt\/cv\/wp-json\/wp\/v2\/posts\/27551\/revisions\/27553"}],"wp:attachment":[{"href":"https:\/\/sites.ecclesia.pt\/cv\/wp-json\/wp\/v2\/media?parent=27551"}],"wp:term":[{"taxonomy":"category","embeddable":true,"href":"https:\/\/sites.ecclesia.pt\/cv\/wp-json\/wp\/v2\/categories?post=27551"},{"taxonomy":"post_tag","embeddable":true,"href":"https:\/\/sites.ecclesia.pt\/cv\/wp-json\/wp\/v2\/tags?post=27551"}],"curies":[{"name":"wp","href":"https:\/\/api.w.org\/{rel}","templated":true}]}}