{"id":27574,"date":"2017-06-01T16:37:14","date_gmt":"2017-06-01T16:37:14","guid":{"rendered":"http:\/\/sites.ecclesia.pt\/cv\/?p=27574"},"modified":"2017-06-01T16:37:14","modified_gmt":"2017-06-01T16:37:14","slug":"mais-de-uma-centena-de-pessoas-assistiu-a-vossemece-que-me-quer","status":"publish","type":"post","link":"https:\/\/sites.ecclesia.pt\/cv\/mais-de-uma-centena-de-pessoas-assistiu-a-vossemece-que-me-quer\/","title":{"rendered":"Mais de uma centena de pessoas assistiu a &#8220;Vossemec\u00ea que me quer?&#8221;"},"content":{"rendered":"<figure id=\"attachment_27575\" aria-describedby=\"caption-attachment-27575\" style=\"width: 2592px\" class=\"wp-caption alignnone\"><a href=\"https:\/\/sites.ecclesia.pt\/cv\/wp-content\/uploads\/2017\/06\/capa2-Gaf.-Encar.-O-milagre-do-Sol-em-13-de-outubro.jpg\"><img loading=\"lazy\" decoding=\"async\" class=\"size-full wp-image-27575\" src=\"https:\/\/sites.ecclesia.pt\/cv\/wp-content\/uploads\/2017\/06\/capa2-Gaf.-Encar.-O-milagre-do-Sol-em-13-de-outubro.jpg\" alt=\"\" width=\"2592\" height=\"1944\" srcset=\"https:\/\/sites.ecclesia.pt\/cv\/wp-content\/uploads\/2017\/06\/capa2-Gaf.-Encar.-O-milagre-do-Sol-em-13-de-outubro.jpg 2592w, https:\/\/sites.ecclesia.pt\/cv\/wp-content\/uploads\/2017\/06\/capa2-Gaf.-Encar.-O-milagre-do-Sol-em-13-de-outubro-300x225.jpg 300w, https:\/\/sites.ecclesia.pt\/cv\/wp-content\/uploads\/2017\/06\/capa2-Gaf.-Encar.-O-milagre-do-Sol-em-13-de-outubro-768x576.jpg 768w, https:\/\/sites.ecclesia.pt\/cv\/wp-content\/uploads\/2017\/06\/capa2-Gaf.-Encar.-O-milagre-do-Sol-em-13-de-outubro-1024x768.jpg 1024w\" sizes=\"auto, (max-width: 2592px) 100vw, 2592px\" \/><\/a><figcaption id=\"caption-attachment-27575\" class=\"wp-caption-text\">Encena\u00e7\u00e3o do Milagre do Sol<\/figcaption><\/figure>\n<p>No passado s\u00e1bado, a igreja paroquial da Gafanha da Encarna\u00e7\u00e3o encheu para assistir ao espet\u00e1culo c\u00e9nico musical \u201cVossemec\u00ea que me quer?\u201d, comemorativo dos centen\u00e1rios das Apari\u00e7\u00f5es de F\u00e1tima e da Primeira Grande Guerra, levado \u00e0 cena pelo grupo \u201cPedras Vivas\u201d, da Gafanha da Encarna\u00e7\u00e3o.<br \/>\nO ano de 1917 ficou na hist\u00f3ria de Portugal, e do Mundo, como o ano em que tr\u00eas crian\u00e7as da zona de Our\u00e9m receberam a \u201cvisita\u201d de Nossa Senhora no lugar que hoje conhecemos por F\u00e1tima, o que aconteceu entre 13 de maio e 13 de outubro. Igualmente, nesse ano, Portugal e um consider\u00e1vel n\u00famero de pa\u00edses estavam envolvidos num sangrento conflito armado, que durou de 1914 a 1918. Tamb\u00e9m nesse ano, em outubro, na R\u00fassia seria implantado o primeiro regime comunista, revolu\u00e7\u00e3o que teria repercuss\u00f5es em todo o mundo.<br \/>\nConciliando as \u201cMem\u00f3rias\u201d da Irm\u00e3 L\u00facia com poesia, texto dram\u00e1tico, m\u00fasica e representa\u00e7\u00e3o, o espet\u00e1culo foi \u201cnarrando\u201d os acontecimentos de F\u00e1tima, centrados nos Tr\u00eas Pastorinhos, desde aquele primeiro 13 de maio at\u00e9 ao dia em que o sol \u201cdan\u00e7ou\u201d perante milhares de pessoas que se deslocaram \u00e0 Cova de Iria no 13 de outubro. A \u201cnarra\u00e7\u00e3o\u201d que terminou com a morte de Francisco e Jacinta, as crian\u00e7as que, no passado dia 13 de maio, o Papa Francisco canonizou precisamente no local das Apari\u00e7\u00f5es. Intercalando com as \u201cMem\u00f3rias\u201d da Irm\u00e3 L\u00facia, o palco acolheu \u201ccenas\u201d da Grande Guerra e dos familiares dos militares portugueses que aguardavam ansiosamente not\u00edcias do cen\u00e1rio de guerra, not\u00edcias que, como se viu, por vezes eram dram\u00e1ticas.<br \/>\nApesar da crueza da guerra, Nossa Senhora de F\u00e1tima trouxe uma mensagem de esperan\u00e7a a Portugal e ao mundo, garantindo que o fim do conflito estava pr\u00f3ximo e que, como foi cantado num dos c\u00e2nticos finais, haveria uma \u201cPaz sem vencedores e sem vencidos\u201d.<br \/>\nNo final, o p\u00e1roco da Gafanha da Encarna\u00e7\u00e3o, P.e Pedro Jos\u00e9, agradeceu mais este momento cultural de inspira\u00e7\u00e3o religiosa levada \u00e0 cena pelo grupo Pedras Vivas, grupo informal liderado pelas irm\u00e3s Maun\u00e1ure.<\/p>\n","protected":false},"excerpt":{"rendered":"<p>No passado s\u00e1bado, a igreja paroquial da Gafanha da Encarna\u00e7\u00e3o encheu para assistir ao espet\u00e1culo c\u00e9nico musical \u201cVossemec\u00ea que me quer?\u201d, comemorativo dos centen\u00e1rios das Apari\u00e7\u00f5es de F\u00e1tima e da Primeira Grande Guerra, levado \u00e0 cena pelo grupo \u201cPedras Vivas\u201d, da Gafanha da Encarna\u00e7\u00e3o. O ano de 1917 ficou na hist\u00f3ria de Portugal, e do [&hellip;]<\/p>\n","protected":false},"author":3,"featured_media":0,"comment_status":"closed","ping_status":"closed","sticky":false,"template":"","format":"standard","meta":{"footnotes":""},"categories":[70],"tags":[],"class_list":["post-27574","post","type-post","status-publish","format-standard","hentry","category-diocese"],"_links":{"self":[{"href":"https:\/\/sites.ecclesia.pt\/cv\/wp-json\/wp\/v2\/posts\/27574","targetHints":{"allow":["GET"]}}],"collection":[{"href":"https:\/\/sites.ecclesia.pt\/cv\/wp-json\/wp\/v2\/posts"}],"about":[{"href":"https:\/\/sites.ecclesia.pt\/cv\/wp-json\/wp\/v2\/types\/post"}],"author":[{"embeddable":true,"href":"https:\/\/sites.ecclesia.pt\/cv\/wp-json\/wp\/v2\/users\/3"}],"replies":[{"embeddable":true,"href":"https:\/\/sites.ecclesia.pt\/cv\/wp-json\/wp\/v2\/comments?post=27574"}],"version-history":[{"count":1,"href":"https:\/\/sites.ecclesia.pt\/cv\/wp-json\/wp\/v2\/posts\/27574\/revisions"}],"predecessor-version":[{"id":27576,"href":"https:\/\/sites.ecclesia.pt\/cv\/wp-json\/wp\/v2\/posts\/27574\/revisions\/27576"}],"wp:attachment":[{"href":"https:\/\/sites.ecclesia.pt\/cv\/wp-json\/wp\/v2\/media?parent=27574"}],"wp:term":[{"taxonomy":"category","embeddable":true,"href":"https:\/\/sites.ecclesia.pt\/cv\/wp-json\/wp\/v2\/categories?post=27574"},{"taxonomy":"post_tag","embeddable":true,"href":"https:\/\/sites.ecclesia.pt\/cv\/wp-json\/wp\/v2\/tags?post=27574"}],"curies":[{"name":"wp","href":"https:\/\/api.w.org\/{rel}","templated":true}]}}