{"id":27577,"date":"2017-06-01T16:41:27","date_gmt":"2017-06-01T16:41:27","guid":{"rendered":"http:\/\/sites.ecclesia.pt\/cv\/?p=27577"},"modified":"2017-06-01T16:41:27","modified_gmt":"2017-06-01T16:41:27","slug":"alunos-escolas-e-empresas-juntos-para-encontrar-mais-saidas-profissionais","status":"publish","type":"post","link":"https:\/\/sites.ecclesia.pt\/cv\/alunos-escolas-e-empresas-juntos-para-encontrar-mais-saidas-profissionais\/","title":{"rendered":"Alunos, escolas e empresas juntos para encontrar mais sa\u00eddas profissionais"},"content":{"rendered":"<figure id=\"attachment_27578\" aria-describedby=\"caption-attachment-27578\" style=\"width: 700px\" class=\"wp-caption alignnone\"><a href=\"https:\/\/sites.ecclesia.pt\/cv\/wp-content\/uploads\/2017\/06\/feira.jpg\"><img loading=\"lazy\" decoding=\"async\" class=\"size-full wp-image-27578\" src=\"https:\/\/sites.ecclesia.pt\/cv\/wp-content\/uploads\/2017\/06\/feira.jpg\" alt=\"\" width=\"700\" height=\"467\" srcset=\"https:\/\/sites.ecclesia.pt\/cv\/wp-content\/uploads\/2017\/06\/feira.jpg 700w, https:\/\/sites.ecclesia.pt\/cv\/wp-content\/uploads\/2017\/06\/feira-300x200.jpg 300w\" sizes=\"auto, (max-width: 700px) 100vw, 700px\" \/><\/a><figcaption id=\"caption-attachment-27578\" class=\"wp-caption-text\">A feira vocacional decorreu no Parque de Feiras e Exposi\u00e7\u00f5es de Aveiro<\/figcaption><\/figure>\n<p><strong>A II Feira Vocacional e Profissional juntou 900 alunos e dezenas de entidades formadoras e empregadoras e incluiu um concurso de ideias.<\/strong><\/p>\n<p>&nbsp;<\/p>\n<p>Decorreu nos dias 25 e 26 de maio, no Parque de Feiras e de Exposi\u00e7\u00f5es de Aveiro, a II Feira Vocacional e Profissional, atividade inclu\u00edda no Roteiro Vocacional e Profissional (atividade n.\u00ba 3 do projeto CLDS 3G Aveiro). Este evento teve como principal objetivo dar a conhecer aos alunos dos 9.\u00ba e 12.\u00ba anos as ofertas formativas, escolares e de emprego. O prop\u00f3sito focou-se em orient\u00e1-los nas poss\u00edveis escolhas para o seu futuro. Participaram cerca de 900 alunos e mais de 65 entidades, entre agrupamentos de escolas, escolas profissionais, empresas, universidades, comunidade acad\u00e9mica, institui\u00e7\u00f5es e for\u00e7as armadas.<br \/>\nOs visitantes puderam contactar com as diferentes ofertas existentes e presentes na feira e ainda foi poss\u00edvel usufru\u00edrem de um programa de atividades, numa \u00e1rea lounge, que passou pela moda, dan\u00e7a, palestras, aulas fitness, showcooking, demonstra\u00e7\u00f5es militares, artes marciais, entre outros.<br \/>\nNa manh\u00e3 do dia 25, no \u00e2mbito da a\u00e7\u00e3o de forma\u00e7\u00e3o \u201c+ Empreendedorismo\u201d (actividade n.\u00ba 2 do CLDS 3G), realizou-se a \u201capresenta\u00e7\u00e3o das ideias\u201d (Concurso). Essas ideias, treze no total, foram apresentadas a um j\u00fari e as selecionadas ter\u00e3o direito a um pr\u00e9mio de pr\u00e9-incuba\u00e7\u00e3o no Polo de Incuba\u00e7\u00e3o do Munic\u00edpio de Aveiro.<br \/>\nDurante a tarde do mesmo dia realizou-se a final do concurso \u201cA tua ideia conta\u201d (atividade n.\u00ba 8 do CLDS 3G Aveio). Esta final compreendeu a apresenta\u00e7\u00e3o por parte de 12 grupos de alunos, das suas ideias, resultantes de um trabalho de acompanhamento em contexto de sala de aula. Este concurso teve a envolv\u00eancia, numa primeira fase, de cerca de 350 alunos do ensino secund\u00e1rio e profissional do concelho de Aveiro.<\/p>\n<p>&nbsp;<\/p>\n<p><strong>Sensibiliza\u00e7\u00e3o de empres\u00e1rios<\/strong><br \/>\nNo \u00e2mbito da Feira Vocacional e dirigido especialmente a entidades empregadoras, decorreu, no dia 26, o encontro \u201cEmprego. Quem?\u201d (atividade n.\u00ba 6 do CLDS 3G Aveiro: Sensibiliza). Esta sess\u00e3o de trabalho visou sensibilizar os empres\u00e1rios e entidades empregadoras locais para uma participa\u00e7\u00e3o din\u00e2mica na concretiza\u00e7\u00e3o de medidas ativas de emprego e em processos de inser\u00e7\u00e3o profissional e social, ao mesmo tempo que levou todos a refletirem acerca da empregabilidade e dos seus desafios. Foram promovidos momentos de reflex\u00e3o acerca de 3 tem\u00e1ticas relacionadas com o emprego, nomeadamente \u201co mercado de trabalho inclusivo\u201d, a \u201cigualdade de g\u00e9nero\u201d e a \u201cintegra\u00e7\u00e3o no mercado de trabalho\u201d.<br \/>\nNeste encontro participou um leque de 15 moderadores e oradores que, eficazmente, vieram estimular os presentes a refletirem sobre a empregabilidade.<br \/>\nAinda neste \u00e2mbito, e para finalizar as atividades, decorreu uma sess\u00e3o de speedrecruitment, (atividade n.\u00ba 5 do CLDS 3G Aveiro) que permitiu que 24 candidatos \u00e0 procura de trabalho tivessem a oportunidade de se dar a conhecer a seis entidades recrutadoras, com a finalidade de serem inseridos profissionalmente. Esta atividade contou com a colabora\u00e7\u00e3o do GIP do Munic\u00edpio de Aveiro e do GIP da Associa\u00e7\u00e3o Industrial do Distrito de Aveiro.<\/p>\n","protected":false},"excerpt":{"rendered":"<p>A II Feira Vocacional e Profissional juntou 900 alunos e dezenas de entidades formadoras e empregadoras e incluiu um concurso de ideias. &nbsp; Decorreu nos dias 25 e 26 de maio, no Parque de Feiras e de Exposi\u00e7\u00f5es de Aveiro, a II Feira Vocacional e Profissional, atividade inclu\u00edda no Roteiro Vocacional e Profissional (atividade n.\u00ba [&hellip;]<\/p>\n","protected":false},"author":3,"featured_media":0,"comment_status":"closed","ping_status":"closed","sticky":false,"template":"","format":"standard","meta":{"footnotes":""},"categories":[70],"tags":[],"class_list":["post-27577","post","type-post","status-publish","format-standard","hentry","category-diocese"],"_links":{"self":[{"href":"https:\/\/sites.ecclesia.pt\/cv\/wp-json\/wp\/v2\/posts\/27577","targetHints":{"allow":["GET"]}}],"collection":[{"href":"https:\/\/sites.ecclesia.pt\/cv\/wp-json\/wp\/v2\/posts"}],"about":[{"href":"https:\/\/sites.ecclesia.pt\/cv\/wp-json\/wp\/v2\/types\/post"}],"author":[{"embeddable":true,"href":"https:\/\/sites.ecclesia.pt\/cv\/wp-json\/wp\/v2\/users\/3"}],"replies":[{"embeddable":true,"href":"https:\/\/sites.ecclesia.pt\/cv\/wp-json\/wp\/v2\/comments?post=27577"}],"version-history":[{"count":1,"href":"https:\/\/sites.ecclesia.pt\/cv\/wp-json\/wp\/v2\/posts\/27577\/revisions"}],"predecessor-version":[{"id":27579,"href":"https:\/\/sites.ecclesia.pt\/cv\/wp-json\/wp\/v2\/posts\/27577\/revisions\/27579"}],"wp:attachment":[{"href":"https:\/\/sites.ecclesia.pt\/cv\/wp-json\/wp\/v2\/media?parent=27577"}],"wp:term":[{"taxonomy":"category","embeddable":true,"href":"https:\/\/sites.ecclesia.pt\/cv\/wp-json\/wp\/v2\/categories?post=27577"},{"taxonomy":"post_tag","embeddable":true,"href":"https:\/\/sites.ecclesia.pt\/cv\/wp-json\/wp\/v2\/tags?post=27577"}],"curies":[{"name":"wp","href":"https:\/\/api.w.org\/{rel}","templated":true}]}}