{"id":27580,"date":"2017-06-01T16:46:09","date_gmt":"2017-06-01T16:46:09","guid":{"rendered":"http:\/\/sites.ecclesia.pt\/cv\/?p=27580"},"modified":"2017-06-01T16:46:09","modified_gmt":"2017-06-01T16:46:09","slug":"templo-de-oracao-familiar-em-anadia-bispo-de-aveiro-inaugura-canto-de-cana-no-proximo-sabado","status":"publish","type":"post","link":"https:\/\/sites.ecclesia.pt\/cv\/templo-de-oracao-familiar-em-anadia-bispo-de-aveiro-inaugura-canto-de-cana-no-proximo-sabado\/","title":{"rendered":"Templo de Ora\u00e7\u00e3o Familiar em Anadia &#8211; Bispo de Aveiro inaugura &#8220;Canto de Can\u00e1&#8221; no pr\u00f3ximo s\u00e1bado"},"content":{"rendered":"<figure id=\"attachment_27581\" aria-describedby=\"caption-attachment-27581\" style=\"width: 700px\" class=\"wp-caption alignnone\"><a href=\"https:\/\/sites.ecclesia.pt\/cv\/wp-content\/uploads\/2017\/06\/cana.jpg\"><img loading=\"lazy\" decoding=\"async\" class=\"size-full wp-image-27581\" src=\"https:\/\/sites.ecclesia.pt\/cv\/wp-content\/uploads\/2017\/06\/cana.jpg\" alt=\"\" width=\"700\" height=\"525\" srcset=\"https:\/\/sites.ecclesia.pt\/cv\/wp-content\/uploads\/2017\/06\/cana.jpg 700w, https:\/\/sites.ecclesia.pt\/cv\/wp-content\/uploads\/2017\/06\/cana-300x225.jpg 300w\" sizes=\"auto, (max-width: 700px) 100vw, 700px\" \/><\/a><figcaption id=\"caption-attachment-27581\" class=\"wp-caption-text\">O Canto de Can\u00e1 fica na quinta do Col\u00e9gio Salesiano de Mogofores<\/figcaption><\/figure>\n<p><strong>Movimento Fam\u00edlias de Can\u00e1 cria templo de ora\u00e7\u00e3o familiar em Mogofores, Anadia. <\/strong><br \/>\n<strong>Algumas fam\u00edlias v\u00e3o fazer um \u201ccompromisso\u201d.<\/strong><\/p>\n<p>&nbsp;<\/p>\n<p>O arciprestado de Anadia vai passar a dispor de um novo templo de ora\u00e7\u00e3o para fam\u00edlias. A capela do Movimento Fam\u00edlias de Can\u00e1, edificada nas instala\u00e7\u00f5es dos Salesianos de Mogofores, vai ser aben\u00e7oada no pr\u00f3ximo dia 3 de junho, s\u00e1bado, \u00e0s 16 horas, pelo Bispo de Aveiro, D. Ant\u00f3nio Monteiro.<br \/>\nO novo templo e a respetiva imagem da M\u00e3e de Can\u00e1 s\u00e3o \u201cdedicados \u00e0 M\u00e3e do C\u00e9u, de acordo com o mist\u00e9rio das Bodas de Can\u00e1, ou seja, especialmente destinado \u00e0s fam\u00edlias, que aqui poder\u00e3o vir receber as gra\u00e7as de Deus\u201d, aponta a fam\u00edlia Power, fundadora do movimento Fam\u00edlias de Can\u00e1.<\/p>\n<figure id=\"attachment_27582\" aria-describedby=\"caption-attachment-27582\" style=\"width: 200px\" class=\"wp-caption alignnone\"><a href=\"https:\/\/sites.ecclesia.pt\/cv\/wp-content\/uploads\/2017\/06\/canaa.jpg\"><img loading=\"lazy\" decoding=\"async\" class=\"size-full wp-image-27582\" src=\"https:\/\/sites.ecclesia.pt\/cv\/wp-content\/uploads\/2017\/06\/canaa.jpg\" alt=\"\" width=\"200\" height=\"379\" srcset=\"https:\/\/sites.ecclesia.pt\/cv\/wp-content\/uploads\/2017\/06\/canaa.jpg 200w, https:\/\/sites.ecclesia.pt\/cv\/wp-content\/uploads\/2017\/06\/canaa-158x300.jpg 158w\" sizes=\"auto, (max-width: 200px) 100vw, 200px\" \/><\/a><figcaption id=\"caption-attachment-27582\" class=\"wp-caption-text\">Imagem da M\u00e3e de Can\u00e1, inspirada em Nossa Senhora Auxiliadora<\/figcaption><\/figure>\n<p>&nbsp;<br \/>\nO Canto de Can\u00e1, como passa a ser designado, est\u00e1 instalado na quinta dos Salesianos de Mogofores, tendo sido sua iniciativa instalar o templo, para assinalar o facto de ali ter nascido este movimento de espiritualidade familiar, criado a 14 de setembro de 2013, reunindo j\u00e1 seis Aldeias de Can\u00e1 (grupos de fam\u00edlias que se encontram regularmente) em todo o pa\u00eds, desde Vila Nova de Famalic\u00e3o a Almada.<br \/>\nA cerim\u00f3nia presidida pelo Bispo de Aveiro incluir\u00e1 os compromissos das primeiras Fam\u00edlias de Can\u00e1, seguindo-se a Eucaristia celebrada no Santu\u00e1rio Nacional de Nossa Senhora Auxiliadora de Mogofores.<br \/>\nAntes da inaugura\u00e7\u00e3o, por volta das 15h00, a fundadora do movimento, Teresa Power, vai apresentar o seu rec\u00e9m-editado livro \u00abEm Tua Casa\u00bb, um conjunto de cr\u00f3nicas que retrata as viv\u00eancias di\u00e1rias daquela fam\u00edlia cat\u00f3lica que escolheu Mogofores para viver.<br \/>\n\u201cEm Tua Casa\u201d \u00e9 uma colet\u00e2nea de textos publicados no antigo blogue \u201cUma Fam\u00edlia Cat\u00f3lica\u201d, que foi o ponto de partida para o agora site do movimento www.familiasdecana.pt.<br \/>\nO movimento de espiritualidade Fam\u00edlias de Can\u00e1 foi aprovado canonicamente pelo Bispo de Aveiro no dia 29 de junho de 2016 e oficializado no dia 3 de julho seguinte com a celebra\u00e7\u00e3o da Eucaristia na igreja de Nossa Senhora Auxiliadora, em Mogofores.<\/p>\n","protected":false},"excerpt":{"rendered":"<p>Movimento Fam\u00edlias de Can\u00e1 cria templo de ora\u00e7\u00e3o familiar em Mogofores, Anadia. Algumas fam\u00edlias v\u00e3o fazer um \u201ccompromisso\u201d. &nbsp; O arciprestado de Anadia vai passar a dispor de um novo templo de ora\u00e7\u00e3o para fam\u00edlias. A capela do Movimento Fam\u00edlias de Can\u00e1, edificada nas instala\u00e7\u00f5es dos Salesianos de Mogofores, vai ser aben\u00e7oada no pr\u00f3ximo dia [&hellip;]<\/p>\n","protected":false},"author":3,"featured_media":0,"comment_status":"closed","ping_status":"closed","sticky":false,"template":"","format":"standard","meta":{"footnotes":""},"categories":[70],"tags":[],"class_list":["post-27580","post","type-post","status-publish","format-standard","hentry","category-diocese"],"_links":{"self":[{"href":"https:\/\/sites.ecclesia.pt\/cv\/wp-json\/wp\/v2\/posts\/27580","targetHints":{"allow":["GET"]}}],"collection":[{"href":"https:\/\/sites.ecclesia.pt\/cv\/wp-json\/wp\/v2\/posts"}],"about":[{"href":"https:\/\/sites.ecclesia.pt\/cv\/wp-json\/wp\/v2\/types\/post"}],"author":[{"embeddable":true,"href":"https:\/\/sites.ecclesia.pt\/cv\/wp-json\/wp\/v2\/users\/3"}],"replies":[{"embeddable":true,"href":"https:\/\/sites.ecclesia.pt\/cv\/wp-json\/wp\/v2\/comments?post=27580"}],"version-history":[{"count":1,"href":"https:\/\/sites.ecclesia.pt\/cv\/wp-json\/wp\/v2\/posts\/27580\/revisions"}],"predecessor-version":[{"id":27583,"href":"https:\/\/sites.ecclesia.pt\/cv\/wp-json\/wp\/v2\/posts\/27580\/revisions\/27583"}],"wp:attachment":[{"href":"https:\/\/sites.ecclesia.pt\/cv\/wp-json\/wp\/v2\/media?parent=27580"}],"wp:term":[{"taxonomy":"category","embeddable":true,"href":"https:\/\/sites.ecclesia.pt\/cv\/wp-json\/wp\/v2\/categories?post=27580"},{"taxonomy":"post_tag","embeddable":true,"href":"https:\/\/sites.ecclesia.pt\/cv\/wp-json\/wp\/v2\/tags?post=27580"}],"curies":[{"name":"wp","href":"https:\/\/api.w.org\/{rel}","templated":true}]}}