{"id":27590,"date":"2017-06-14T16:24:52","date_gmt":"2017-06-14T16:24:52","guid":{"rendered":"http:\/\/sites.ecclesia.pt\/cv\/?p=27590"},"modified":"2017-06-14T16:24:52","modified_gmt":"2017-06-14T16:24:52","slug":"orbis-quer-angariar-padrinhos-a-distancia-para-levar-mais-criancas-a-escola","status":"publish","type":"post","link":"https:\/\/sites.ecclesia.pt\/cv\/orbis-quer-angariar-padrinhos-a-distancia-para-levar-mais-criancas-a-escola\/","title":{"rendered":"Orbis quer angariar padrinhos \u00e0 dist\u00e2ncia para levar mais crian\u00e7as \u00e0 escola"},"content":{"rendered":"<p><a href=\"https:\/\/sites.ecclesia.pt\/cv\/wp-content\/uploads\/2017\/06\/Cartaz-Campanha-2017.jpg\"><img loading=\"lazy\" decoding=\"async\" class=\"alignnone size-full wp-image-27591\" src=\"https:\/\/sites.ecclesia.pt\/cv\/wp-content\/uploads\/2017\/06\/Cartaz-Campanha-2017.jpg\" alt=\"\" width=\"2480\" height=\"3507\" srcset=\"https:\/\/sites.ecclesia.pt\/cv\/wp-content\/uploads\/2017\/06\/Cartaz-Campanha-2017.jpg 2480w, https:\/\/sites.ecclesia.pt\/cv\/wp-content\/uploads\/2017\/06\/Cartaz-Campanha-2017-212x300.jpg 212w, https:\/\/sites.ecclesia.pt\/cv\/wp-content\/uploads\/2017\/06\/Cartaz-Campanha-2017-768x1086.jpg 768w, https:\/\/sites.ecclesia.pt\/cv\/wp-content\/uploads\/2017\/06\/Cartaz-Campanha-2017-724x1024.jpg 724w\" sizes=\"auto, (max-width: 2480px) 100vw, 2480px\" \/><\/a><\/p>\n<p><strong>No Rossio da Aveiro, a organiza\u00e7\u00e3o n\u00e3o governamental para o desenvolvimento vai oferecer um copo de arroz e um l\u00e1pis para sensibilizar para as necessidades de alimenta\u00e7\u00e3o e educa\u00e7\u00e3o de crian\u00e7as africanas.<\/strong><\/p>\n<p>&nbsp;<\/p>\n<p>Se na tarde do pr\u00f3ximo domingo, ao passear pelo Rossio de Aveiro, lhe oferecerem um copo com \u201carroz de mingau\u201d, aceite. \u00c9 a comida t\u00edpica de alguns pa\u00edses africanos e, em muitos casos, \u00e9 a \u00fanica refei\u00e7\u00e3o que as crian\u00e7as t\u00eam por dia. O gesto faz parte de uma a\u00e7\u00e3o de sensibiliza\u00e7\u00e3o que a Orbis \u2013 organiza\u00e7\u00e3o n\u00e3o governamental (ong) para o desenvolvimento \u2013 vai levar a cabo para alertar para as desigualdades e dificuldades de acesso \u00e0 alimenta\u00e7\u00e3o. J\u00e1 para alertar paras as dificuldades que as crian\u00e7as africanas t\u00eam no acesso \u00e0 educa\u00e7\u00e3o, a Orbis distribui um l\u00e1pis com uma mensagem.<br \/>\nAs a\u00e7\u00f5es acontecem no dia 18 de junho, entre as 15h30 e as 18h, havendo no Rossio material de divulga\u00e7\u00e3o da Orbis (panfletos, roll up, etc.) e um pequeno espa\u00e7o para atividades com crian\u00e7as.<br \/>\nEsta iniciativa est\u00e1 inserida numa campanha de divulga\u00e7\u00e3o do projeto de apadrinhamento \u00e0 dist\u00e2ncia \u201cOne Child one Future\u201d. Atrav\u00e9s de contribui\u00e7\u00e3o mensal de 25 euros, em modalidade individual ou de grupo, \u00e9 poss\u00edvel garantir uma refei\u00e7\u00e3o di\u00e1ria da crian\u00e7a, apoio na educa\u00e7\u00e3o e alguns cuidados de sa\u00fade a crian\u00e7as africanas e de regi\u00f5es mais pobres do Brasil.<br \/>\nPara garantir o funcionamento do projeto, a ORBIS (ong ligada ao Servi\u00e7o Diocesano de Anima\u00e7\u00e3o Mission\u00e1ria SDAM \u2013 Diocese de Aveiro) mant\u00e9m contactos regulares com parceiros dos diferentes pa\u00edses em que o projeto est\u00e1 implementado (Angola, Brasil, Mo\u00e7ambique, Guin\u00e9 Bissau e S\u00e3o Tom\u00e9 e Pr\u00edncipe) e conta com o apoio de t\u00e9cnicos (volunt\u00e1rios) competentes no terreno de miss\u00e3o e parceiros com quem estabelece contactos e trocas de informa\u00e7\u00f5es regulares.<\/p>\n","protected":false},"excerpt":{"rendered":"<p>No Rossio da Aveiro, a organiza\u00e7\u00e3o n\u00e3o governamental para o desenvolvimento vai oferecer um copo de arroz e um l\u00e1pis para sensibilizar para as necessidades de alimenta\u00e7\u00e3o e educa\u00e7\u00e3o de crian\u00e7as africanas. &nbsp; Se na tarde do pr\u00f3ximo domingo, ao passear pelo Rossio de Aveiro, lhe oferecerem um copo com \u201carroz de mingau\u201d, aceite. \u00c9 [&hellip;]<\/p>\n","protected":false},"author":3,"featured_media":0,"comment_status":"closed","ping_status":"closed","sticky":false,"template":"","format":"standard","meta":{"footnotes":""},"categories":[38,70],"tags":[],"class_list":["post-27590","post","type-post","status-publish","format-standard","hentry","category-destaque","category-diocese"],"_links":{"self":[{"href":"https:\/\/sites.ecclesia.pt\/cv\/wp-json\/wp\/v2\/posts\/27590","targetHints":{"allow":["GET"]}}],"collection":[{"href":"https:\/\/sites.ecclesia.pt\/cv\/wp-json\/wp\/v2\/posts"}],"about":[{"href":"https:\/\/sites.ecclesia.pt\/cv\/wp-json\/wp\/v2\/types\/post"}],"author":[{"embeddable":true,"href":"https:\/\/sites.ecclesia.pt\/cv\/wp-json\/wp\/v2\/users\/3"}],"replies":[{"embeddable":true,"href":"https:\/\/sites.ecclesia.pt\/cv\/wp-json\/wp\/v2\/comments?post=27590"}],"version-history":[{"count":1,"href":"https:\/\/sites.ecclesia.pt\/cv\/wp-json\/wp\/v2\/posts\/27590\/revisions"}],"predecessor-version":[{"id":27592,"href":"https:\/\/sites.ecclesia.pt\/cv\/wp-json\/wp\/v2\/posts\/27590\/revisions\/27592"}],"wp:attachment":[{"href":"https:\/\/sites.ecclesia.pt\/cv\/wp-json\/wp\/v2\/media?parent=27590"}],"wp:term":[{"taxonomy":"category","embeddable":true,"href":"https:\/\/sites.ecclesia.pt\/cv\/wp-json\/wp\/v2\/categories?post=27590"},{"taxonomy":"post_tag","embeddable":true,"href":"https:\/\/sites.ecclesia.pt\/cv\/wp-json\/wp\/v2\/tags?post=27590"}],"curies":[{"name":"wp","href":"https:\/\/api.w.org\/{rel}","templated":true}]}}