{"id":27593,"date":"2017-06-14T16:26:55","date_gmt":"2017-06-14T16:26:55","guid":{"rendered":"http:\/\/sites.ecclesia.pt\/cv\/?p=27593"},"modified":"2017-06-14T16:26:55","modified_gmt":"2017-06-14T16:26:55","slug":"pre-seminario-faz-balanco-do-ano-eis-me-aqui-envia-me","status":"publish","type":"post","link":"https:\/\/sites.ecclesia.pt\/cv\/pre-seminario-faz-balanco-do-ano-eis-me-aqui-envia-me\/","title":{"rendered":"Pr\u00e9-Semin\u00e1rio faz balan\u00e7o do ano: &#8220;Eis-me aqui, envia-me&#8221;"},"content":{"rendered":"<figure id=\"attachment_27594\" aria-describedby=\"caption-attachment-27594\" style=\"width: 1280px\" class=\"wp-caption alignnone\"><a href=\"https:\/\/sites.ecclesia.pt\/cv\/wp-content\/uploads\/2017\/06\/pre-semin.jpg\"><img loading=\"lazy\" decoding=\"async\" class=\"size-full wp-image-27594\" src=\"https:\/\/sites.ecclesia.pt\/cv\/wp-content\/uploads\/2017\/06\/pre-semin.jpg\" alt=\"\" width=\"1280\" height=\"944\" srcset=\"https:\/\/sites.ecclesia.pt\/cv\/wp-content\/uploads\/2017\/06\/pre-semin.jpg 1280w, https:\/\/sites.ecclesia.pt\/cv\/wp-content\/uploads\/2017\/06\/pre-semin-300x221.jpg 300w, https:\/\/sites.ecclesia.pt\/cv\/wp-content\/uploads\/2017\/06\/pre-semin-768x566.jpg 768w, https:\/\/sites.ecclesia.pt\/cv\/wp-content\/uploads\/2017\/06\/pre-semin-1024x755.jpg 1024w\" sizes=\"auto, (max-width: 1280px) 100vw, 1280px\" \/><\/a><figcaption id=\"caption-attachment-27594\" class=\"wp-caption-text\">Pr\u00e9-seminaristas mais novos<br \/>e mais velhos<\/figcaption><\/figure>\n<p><a href=\"https:\/\/sites.ecclesia.pt\/cv\/wp-content\/uploads\/2017\/06\/pre-seminar2.jpg\"><img loading=\"lazy\" decoding=\"async\" class=\"alignnone size-full wp-image-27595\" src=\"https:\/\/sites.ecclesia.pt\/cv\/wp-content\/uploads\/2017\/06\/pre-seminar2.jpg\" alt=\"\" width=\"1280\" height=\"960\" srcset=\"https:\/\/sites.ecclesia.pt\/cv\/wp-content\/uploads\/2017\/06\/pre-seminar2.jpg 1280w, https:\/\/sites.ecclesia.pt\/cv\/wp-content\/uploads\/2017\/06\/pre-seminar2-300x225.jpg 300w, https:\/\/sites.ecclesia.pt\/cv\/wp-content\/uploads\/2017\/06\/pre-seminar2-768x576.jpg 768w, https:\/\/sites.ecclesia.pt\/cv\/wp-content\/uploads\/2017\/06\/pre-seminar2-1024x768.jpg 1024w\" sizes=\"auto, (max-width: 1280px) 100vw, 1280px\" \/><\/a><\/p>\n<p>No fim de semana de 10 e 11 de junho tivemos o \u00faltimo encontro geral do pr\u00e9-semin\u00e1rio, terminando no domingo, num dia de encontro, partilha, celebra\u00e7\u00e3o e conv\u00edvio com os pais dos rapazes que acompanhamos. Foi com alegria que durante o dia de s\u00e1bado os rapazes foram convivendo e prepararam a festa das fam\u00edlias, com o cuidado da ora\u00e7\u00e3o, da liturgia, e das pecas de teatro alusivas ao ano vivido e recordando o chamamento de David, entre outros momentos mais engra\u00e7ados. \u00c9 nossa vontade cuidar destes rapazes que, do 7.\u00ba ao 12.\u00ba anos, nas suas idades caracter\u00edsticas e maturidade espec\u00edfica, tentando ajudar a dar passos em ordem a perceber qual o chamamento que Deus faz a cada um, sem medo de propor ao presbiterado. Neste momento, e sobretudo por causa da imin\u00eancia dos exames nacionais, n\u00e3o nos \u00e9 poss\u00edvel dizer quantos avan\u00e7ar\u00e3o para entrada em semin\u00e1rio menor e maior.<br \/>\nJ\u00e1 no passado dia 3 de junho tinha ocorrido um encontro do Pr\u00e9-semin\u00e1rio para rapazes dos 5.\u00ba e 6.\u00ba anos. Foi um tempo que teve como inspira\u00e7\u00e3o a miss\u00e3o de Isa\u00edas, e a sua disponibilidade para o servi\u00e7o do Senhor, \u00e0 luz da frase \u201cEis-me aqui, envia-me\u201d (Is 6, 8). O encontro contou com 31 rapazes, todos cheios de energia, sendo que a maioria j\u00e1 tinha participado em encontros anteriores. Estes vieram das par\u00f3quias de Branca, Salreu, Eixo, Gl\u00f3ria-S\u00e9, Aradas, Nossa Senhora de F\u00e1tima, Oi\u00e3, Palha\u00e7a, Vagos, Santo Ant\u00f3nio de Vagos, Soza, Amoreira da G\u00e2ndara, Troviscal, Pessegueiro do Vouga, \u00cdlhavo, Sever de Vouga e Dornelas.<br \/>\nDepois de momentos para explorar o espa\u00e7o do Semin\u00e1rio, houve tempo para olhar mais de perto para a figura de Isa\u00edas e perceber a vida como miss\u00e3o disponibilidade para Deus. No final do dia celebr\u00e1mos a Eucaristia com os pais e os catequistas, na capela do Sagrado Cora\u00e7\u00e3o de Jesus no Semin\u00e1rio.<br \/>\nEste ano, no seguimento do lema pr\u00f3prio, \u201cQuero fazer uma alian\u00e7a contigo\u201d, percorremos alguns dos patriarcas, ju\u00edzes e profetas do Antigo Testamento. Temos consci\u00eancia da fragilidade do nosso trabalho diante dos convites do nosso tempo e percebemos que a nossa proposta vocacional est\u00e1 intimamente ligada com a colabora\u00e7\u00e3o das par\u00f3quias e movimentos e com a ora\u00e7\u00e3o conjunta da nossa diocese. Como sempre, procuramos ajudar a crescer os rapazes que em sinceridade se abrem ao nosso acompanhamento.<br \/>\nO pr\u00e9-semin\u00e1rio interrompe agora os seus encontros mensais, regressando em setembro com o encontro geral. Contudo, decorrer\u00e3o alguns encontros vocacionais para os rapazes que j\u00e1 acompanhamos.<br \/>\nFica finalmente, em meu nome, o obrigado a todos quantos colaboraram nestes encontros, a quanto os promovem nas suas comunidades e rezam pelo pr\u00e9-semin\u00e1rio.<\/p>\n<p>&nbsp;<\/p>\n<p><strong>Jo\u00e3o Santos<\/strong><br \/>\n<em>Padre, diretor do Pr\u00e9-Semin\u00e1rio<\/em><\/p>\n","protected":false},"excerpt":{"rendered":"<p>No fim de semana de 10 e 11 de junho tivemos o \u00faltimo encontro geral do pr\u00e9-semin\u00e1rio, terminando no domingo, num dia de encontro, partilha, celebra\u00e7\u00e3o e conv\u00edvio com os pais dos rapazes que acompanhamos. Foi com alegria que durante o dia de s\u00e1bado os rapazes foram convivendo e prepararam a festa das fam\u00edlias, com [&hellip;]<\/p>\n","protected":false},"author":3,"featured_media":0,"comment_status":"closed","ping_status":"closed","sticky":false,"template":"","format":"standard","meta":{"footnotes":""},"categories":[70],"tags":[],"class_list":["post-27593","post","type-post","status-publish","format-standard","hentry","category-diocese"],"_links":{"self":[{"href":"https:\/\/sites.ecclesia.pt\/cv\/wp-json\/wp\/v2\/posts\/27593","targetHints":{"allow":["GET"]}}],"collection":[{"href":"https:\/\/sites.ecclesia.pt\/cv\/wp-json\/wp\/v2\/posts"}],"about":[{"href":"https:\/\/sites.ecclesia.pt\/cv\/wp-json\/wp\/v2\/types\/post"}],"author":[{"embeddable":true,"href":"https:\/\/sites.ecclesia.pt\/cv\/wp-json\/wp\/v2\/users\/3"}],"replies":[{"embeddable":true,"href":"https:\/\/sites.ecclesia.pt\/cv\/wp-json\/wp\/v2\/comments?post=27593"}],"version-history":[{"count":1,"href":"https:\/\/sites.ecclesia.pt\/cv\/wp-json\/wp\/v2\/posts\/27593\/revisions"}],"predecessor-version":[{"id":27596,"href":"https:\/\/sites.ecclesia.pt\/cv\/wp-json\/wp\/v2\/posts\/27593\/revisions\/27596"}],"wp:attachment":[{"href":"https:\/\/sites.ecclesia.pt\/cv\/wp-json\/wp\/v2\/media?parent=27593"}],"wp:term":[{"taxonomy":"category","embeddable":true,"href":"https:\/\/sites.ecclesia.pt\/cv\/wp-json\/wp\/v2\/categories?post=27593"},{"taxonomy":"post_tag","embeddable":true,"href":"https:\/\/sites.ecclesia.pt\/cv\/wp-json\/wp\/v2\/tags?post=27593"}],"curies":[{"name":"wp","href":"https:\/\/api.w.org\/{rel}","templated":true}]}}