{"id":27598,"date":"2017-06-23T15:15:39","date_gmt":"2017-06-23T15:15:39","guid":{"rendered":"http:\/\/sites.ecclesia.pt\/cv\/?p=27598"},"modified":"2017-06-23T15:15:39","modified_gmt":"2017-06-23T15:15:39","slug":"e-agora-6","status":"publish","type":"post","link":"https:\/\/sites.ecclesia.pt\/cv\/e-agora-6\/","title":{"rendered":"E agora?"},"content":{"rendered":"<figure id=\"attachment_24498\" aria-describedby=\"caption-attachment-24498\" style=\"width: 100px\" class=\"wp-caption alignnone\"><a href=\"https:\/\/sites.ecclesia.pt\/cv\/wp-content\/uploads\/2014\/02\/Querubim-silva.jpg\"><img loading=\"lazy\" decoding=\"async\" class=\"size-full wp-image-24498\" src=\"https:\/\/sites.ecclesia.pt\/cv\/wp-content\/uploads\/2014\/02\/Querubim-silva.jpg\" alt=\"\" width=\"100\" height=\"140\" \/><\/a><figcaption id=\"caption-attachment-24498\" class=\"wp-caption-text\">Querubim Silva<br \/>Padre. Diretor<\/figcaption><\/figure>\n<p>A discuss\u00e3o sobre o que falhou n\u00e3o \u00e9 priorit\u00e1ria. A primeira preocupa\u00e7\u00e3o deve ir &#8211; estamos de acordo &#8211; para obviar ao fundamental de quem ficou sem nada, ao apoio espiritual \u00e0queles que perderam os seus familiares, \u00e0 regenera\u00e7\u00e3o de uma confian\u00e7a social que permita recuperar a esperan\u00e7a. Prestar os cuidados necess\u00e1rios a quem est\u00e1 ferido. E dar sepultura aos que tentaram desesperadamente continuar a viver.<br \/>\nTudo isso est\u00e1 em marcha, enquanto prosseguem os esfor\u00e7os para debelar definitivamente a for\u00e7a gigantesca desse surpreendente \u201cladr\u00e3o\u201d, que n\u00e3o avisa nem se compadece com as nossas distra\u00e7\u00f5es. E n\u00e3o podemos deixar de assinalar a onda de generosidade que se gerou \u00e0 volta desta trag\u00e9dia. O povo \u00e9 assim: sente deveras na alma o drama do seu semelhante e n\u00e3o regateia ajuda, quando lhe chega o grito aflitivo do cora\u00e7\u00e3o de quem est\u00e1 esmagado pela infortuna. \u201cDistribui afetos\u201d, que concretiza na roupa, no leite, na \u00e1gua, \u2026 em tudo o que \u00e9 necess\u00e1rio para a sobreviv\u00eancia imediata. E f\u00e1-lo prodigamente.<br \/>\nDeus deu-nos, entretanto, qualidades essenciais, capazes de observar as situa\u00e7\u00f5es e procurar adequar regras e sistemas \u00e0s conjunturas que se nos deparam, ultrapassando as pr\u00f3prias leis f\u00edsicas. E aqui reside a quest\u00e3o. A prepara\u00e7\u00e3o de todo o sistema de combate aos inc\u00eandios obedece a um calend\u00e1rio pr\u00e9-fixado e inamov\u00edvel ou conforma-se \u00e0s condi\u00e7\u00f5es com que a natureza nos surpreende? Como \u00e9 que o Plano contra Inc\u00eandios n\u00e3o \u00e9 avaliado h\u00e1 quatro anos? S\u00f3 a partir de 1 de julho \u00e9 que h\u00e1 inc\u00eandios? E as Leis para proteger a floresta est\u00e3o emperradas na AR desde abril por que raz\u00e3o? Ser\u00e1 porque s\u00e3o impopulares e o calend\u00e1rio pol\u00edtico n\u00e3o aconselha a causar desagrados?<br \/>\nDo mesmo modo a preven\u00e7\u00e3o dos acidentes nas praias: depende de um dia \u201coficial\u201d de abertura da \u00e9poca balnear ou das condi\u00e7\u00f5es atmosf\u00e9ricas que fazem acorrer \u00e0s praias antes da \u201cabertura da ca\u00e7a\u201d? O s\u00e1bado \u00e9 que foi feito para o homem e n\u00e3o o homem para o s\u00e1bado!<br \/>\nE, com isto tudo, j\u00e1 l\u00e1 v\u00e3o dezenas de mortos por afogamento. N\u00e3o est\u00e1 em causa a dedica\u00e7\u00e3o daqueles que, no terreno, arriscam a vida, para salvar bens e pessoas, para preservar a natureza. Trata-se de vis\u00e3o e decis\u00e3o pol\u00edtica!<br \/>\nO Pa\u00eds est\u00e1 em choque. Foram demasiado pesados os custos desta trag\u00e9dia. O apelo ao civismo, ao respeito pelo bem comum, tem de ser veemente e sacudir a consci\u00eancia de todos os cidad\u00e3os. Mas aos decisores pol\u00edticos cabe o \u00f3nus de tomar e fazer executar as medidas adequadas, agrad\u00e1veis ou n\u00e3o, que previnam prov\u00e1veis conjunturas semelhantes, mesmo que isso lhes retire votos. Afinal, eles est\u00e3o para servir, n\u00e3o para segurar o poder.<\/p>\n","protected":false},"excerpt":{"rendered":"<p>A discuss\u00e3o sobre o que falhou n\u00e3o \u00e9 priorit\u00e1ria. A primeira preocupa\u00e7\u00e3o deve ir &#8211; estamos de acordo &#8211; para obviar ao fundamental de quem ficou sem nada, ao apoio espiritual \u00e0queles que perderam os seus familiares, \u00e0 regenera\u00e7\u00e3o de uma confian\u00e7a social que permita recuperar a esperan\u00e7a. Prestar os cuidados necess\u00e1rios a quem est\u00e1 [&hellip;]<\/p>\n","protected":false},"author":3,"featured_media":0,"comment_status":"closed","ping_status":"closed","sticky":false,"template":"","format":"standard","meta":{"footnotes":""},"categories":[62],"tags":[],"class_list":["post-27598","post","type-post","status-publish","format-standard","hentry","category-opiniao"],"_links":{"self":[{"href":"https:\/\/sites.ecclesia.pt\/cv\/wp-json\/wp\/v2\/posts\/27598","targetHints":{"allow":["GET"]}}],"collection":[{"href":"https:\/\/sites.ecclesia.pt\/cv\/wp-json\/wp\/v2\/posts"}],"about":[{"href":"https:\/\/sites.ecclesia.pt\/cv\/wp-json\/wp\/v2\/types\/post"}],"author":[{"embeddable":true,"href":"https:\/\/sites.ecclesia.pt\/cv\/wp-json\/wp\/v2\/users\/3"}],"replies":[{"embeddable":true,"href":"https:\/\/sites.ecclesia.pt\/cv\/wp-json\/wp\/v2\/comments?post=27598"}],"version-history":[{"count":1,"href":"https:\/\/sites.ecclesia.pt\/cv\/wp-json\/wp\/v2\/posts\/27598\/revisions"}],"predecessor-version":[{"id":27599,"href":"https:\/\/sites.ecclesia.pt\/cv\/wp-json\/wp\/v2\/posts\/27598\/revisions\/27599"}],"wp:attachment":[{"href":"https:\/\/sites.ecclesia.pt\/cv\/wp-json\/wp\/v2\/media?parent=27598"}],"wp:term":[{"taxonomy":"category","embeddable":true,"href":"https:\/\/sites.ecclesia.pt\/cv\/wp-json\/wp\/v2\/categories?post=27598"},{"taxonomy":"post_tag","embeddable":true,"href":"https:\/\/sites.ecclesia.pt\/cv\/wp-json\/wp\/v2\/tags?post=27598"}],"curies":[{"name":"wp","href":"https:\/\/api.w.org\/{rel}","templated":true}]}}