{"id":27600,"date":"2017-06-23T15:17:43","date_gmt":"2017-06-23T15:17:43","guid":{"rendered":"http:\/\/sites.ecclesia.pt\/cv\/?p=27600"},"modified":"2017-06-23T15:17:43","modified_gmt":"2017-06-23T15:17:43","slug":"papa-francisco-ancoras-da-reforma-da-igreja","status":"publish","type":"post","link":"https:\/\/sites.ecclesia.pt\/cv\/papa-francisco-ancoras-da-reforma-da-igreja\/","title":{"rendered":"Papa Francisco: \u00c2ncoras da reforma da Igreja"},"content":{"rendered":"<figure id=\"attachment_26460\" aria-describedby=\"caption-attachment-26460\" style=\"width: 150px\" class=\"wp-caption alignnone\"><a href=\"https:\/\/sites.ecclesia.pt\/cv\/wp-content\/uploads\/2015\/11\/georgino.jpg\"><img loading=\"lazy\" decoding=\"async\" class=\"wp-image-26460\" src=\"https:\/\/sites.ecclesia.pt\/cv\/wp-content\/uploads\/2015\/11\/georgino.jpg\" alt=\"\" width=\"150\" height=\"195\" srcset=\"https:\/\/sites.ecclesia.pt\/cv\/wp-content\/uploads\/2015\/11\/georgino.jpg 400w, https:\/\/sites.ecclesia.pt\/cv\/wp-content\/uploads\/2015\/11\/georgino-231x300.jpg 231w\" sizes=\"auto, (max-width: 150px) 100vw, 150px\" \/><\/a><figcaption id=\"caption-attachment-26460\" class=\"wp-caption-text\">GEORGINO ROCHA<br \/> Padre<\/figcaption><\/figure>\n<p>O Papa Francisco \u00e9 um \u00edtalo-argentino, engenheiro de forma\u00e7\u00e3o, jesu\u00edta por voca\u00e7\u00e3o e franciscano por op\u00e7\u00e3o. O contexto em que vive antes de ser escolhido para a cadeira de Pedro em Roma leva-o a enfrentar enormes desafios que enriquecem a sua dotada personalidade, credenciando-o para o desempenho de miss\u00f5es de \u201crisco\u201d. O estilo que transparece da sua presen\u00e7a e interven\u00e7\u00f5es em p\u00fablico marca indelevelmente todos os que se preocupam com a humanidade e a cria\u00e7\u00e3o, com a Igreja e sua miss\u00e3o na sociedade. A mensagem decorre transparente, como a \u00e1gua cristalina, e revela o sentido profundo do que est\u00e1 a acontecer como \u201crosto\u201d hist\u00f3rico do amor de Deus misericordioso. Os contactos pessoais e os encontros de ocasi\u00e3o criam uma rede de comunica\u00e7\u00f5es que o fazem pr\u00f3ximo e amigo. O seu estilo de vida irradia a alegria da f\u00e9 que ilumina a caminhada em que se v\u00ea envolvido e que, de algum modo, protagoniza.<br \/>\nTendo em conta o que de mais saliente se pode captar, a partir da periferia em que me encontro, desejo partilhar algumas observa\u00e7\u00f5es breves que podem servir para fazer uma leitura cr\u00edtica do que est\u00e1 em curso e das \u00e2ncoras de esperan\u00e7a que dar\u00e3o consist\u00eancia e estabilidade \u00e0 reforma pretendida e a tornar\u00e3o irrevers\u00edvel com o impulso do Esp\u00edrito Santo.<\/p>\n<p><strong>1. Primeira \u00e2ncora:<\/strong> a renova\u00e7\u00e3o do episcopado e do col\u00e9gio cardinal\u00edcio. Esta renova\u00e7\u00e3o constitui uma linha muito clara do agir do Papa Francisco. Nela explicita a sua inten\u00e7\u00e3o e com ela d\u00e1 suporte sustent\u00e1vel ao que pretende. S\u00e3o bispos em profunda sintonia com o novo esp\u00edrito reformista que deseja implementar, colocados em dioceses significativas ou servi\u00e7os especiais; s\u00e3o cardeais que garantir\u00e3o uma sucess\u00e3o apost\u00f3lica consequente.<\/p>\n<p><strong>2. Segunda \u00e2ncora:<\/strong> a constitui\u00e7\u00e3o do G9 (grupo de nove cardeais escolhidos pessoalmente pelo Papa) que reflete com ele a reforma da C\u00faria Romana, o perfil dos bispos a nomear, a situa\u00e7\u00e3o da Igreja, os projetos de renova\u00e7\u00e3o a implementar, os crit\u00e9rios a observar, e, certamente outros assuntos prementes, os dramas da humanidade e as for\u00e7as em presen\u00e7a na conjuntura mundial, designadamente nas zonas em conflito.<\/p>\n<p><strong>3. Terceira \u00e2ncora:<\/strong> a valoriza\u00e7\u00e3o do estatuto do bispo da Igreja diocesana, dos \u00f3rg\u00e3os colegiais de discernimento e decis\u00e3o como as confer\u00eancias episcopais ou dos religiosos, dos conselhos presbiterais, dos organismos laicais ou afins. \u00c9 o estilo sinodal que refor\u00e7a a comunh\u00e3o entre todos e responsabiliza cada um. \u00c9 o apelo insistente aos presb\u00edteros a que sejam \u201cpastores\u201d ao jeito do Bom Pastor, que cultivem o \u201ccheiro a ovelha\u201d. \u00c9 a exorta\u00e7\u00e3o sol\u00edcita aos di\u00e1conos a que se dediquem \u00e0s \u201cnovas periferias\u201d no exerc\u00edcio da sua diaconia. \u00c9 a indica\u00e7\u00e3o clara aos religiosos e leigos para que assumam os desafios atuais e fa\u00e7am avan\u00e7ar o rel\u00f3gio da hora hist\u00f3rica que vivemos.<\/p>\n<p><strong>4. Quarta \u00e2ncora:<\/strong> o processo da reforma da C\u00faria romana. Este processo vai dando passos significativos: respons\u00e1veis de dicast\u00e9rios s\u00e3o renovados e compet\u00eancias redefinidas; valoriza\u00e7\u00e3o de outros \u00f3rg\u00e3os de servi\u00e7o que agilizam o funcionamento, criam maior familiaridade e favorecem a descentraliza\u00e7\u00e3o.<\/p>\n<p><strong>5. Quinta \u00e2ncora:<\/strong> o agir irradiante do Papa Francisco e as suas viagens apost\u00f3licas. Este agir abre novas dimens\u00f5es \u00e0 Igreja em sa\u00edda mission\u00e1ria e, mediante a convers\u00e3o pastoral, aviva o esp\u00edrito e lan\u00e7a as estruturas indispens\u00e1veis, especialmente os espa\u00e7os de acolhimento e de encontro, a C\u00faria diocesana, o cart\u00f3rio paroquial e os templos. A vis\u00e3o da Igreja, \u201ca partir de baixo\u201d, vai fazendo o seu caminho; a convic\u00e7\u00e3o s\u00e9ria de que o povo de Deus est\u00e1 dotado do sentido da f\u00e9 manifesta-se progressivamente.<\/p>\n<p><strong>6. Sexta \u00e2ncora:<\/strong> o povo humilde \u201cdas periferias\u201d que tem um lugar especial no cora\u00e7\u00e3o do Papa. E lhe corresponde, afluindo em grande n\u00famero. Mobilizado para participar e deixar de ser multid\u00e3o esquecida, sente o que est\u00e1 chamado a ser; portador de uma miss\u00e3o hist\u00f3rica, \u201cviveiro\u201d dos dons de Deus, sempre em renova\u00e7\u00e3o pela for\u00e7a do Esp\u00edrito Santo. Os encontros com os movimentos populares apontam claramente para uma alternativa, bem como o apoio \u00e0 din\u00e2mica de partilha solid\u00e1ria das escolas de educa\u00e7\u00e3o\/forma\u00e7\u00e3o; os Dias Mundiais dos Jovens lan\u00e7am sementes de esperan\u00e7a que tendem a germinar e a crescer. A institui\u00e7\u00e3o do Dia Mundial dos Pobres, al\u00e9m do valor em si mesmo, \u00e9 um s\u00edmbolo das novas prioridades.<\/p>\n<p><strong>7. S\u00e9tima \u00e2ncora:<\/strong> a mem\u00f3ria das experi\u00eancias e os textos do magist\u00e9rio. O sonho prof\u00e9tico de Francisco vai sendo escrito no cora\u00e7\u00e3o das pessoas de boa vontade e dos crist\u00e3os, em homilias e discursos, mensagens, enc\u00edclicas e sobretudo exorta\u00e7\u00f5es apost\u00f3licas p\u00f3s-sinodais. Em todas elas sobressai o desejo de fidelidade crescente ao projeto de salva\u00e7\u00e3o do nosso bom Deus e de presen\u00e7a sol\u00edcita e pr\u00f3xima a uma humanidade ferida que aspira \u00e0 cura integral.<\/p>\n<p><strong>8. Oitava \u00e2ncora:<\/strong> a aten\u00e7\u00e3o \u00e0 diplomacia do Vaticano. A convic\u00e7\u00e3o do Papa, enraizado no Evangelho e em alguns per\u00edodos da hist\u00f3ria da Igreja, \u00e9 a de que a sua miss\u00e3o de pastor universal comporta a interven\u00e7\u00e3o na grande pol\u00edtica, na media\u00e7\u00e3o da paz entre os contendores, na cria\u00e7\u00e3o de uma consci\u00eancia alternativa \u00e0 acomoda\u00e7\u00e3o da ordem estabelecida. Sua e dos bispos, sobretudo a n\u00edvel local onde as pessoas pobres mais sofrem. A renova\u00e7\u00e3o da Secretaria de Estado e a nomea\u00e7\u00e3o do Cardeal Parolin d\u00e3o rosto institucional a esta vontade positiva do Papa Francisco, bem como a rela\u00e7\u00e3o amiga e a conc\u00f3rdia gerada com os respons\u00e1veis das Igrejas e de outras institui\u00e7\u00f5es culturais e religiosas.<br \/>\nEm s\u00edntese, a din\u00e2mica da reforma da Igreja conta com algumas \u00e2ncoras de seguran\u00e7a. Outras poder\u00e3o estar a surgir. O Papa Francisco, sempre aberto ao Esp\u00edrito de Deus renovador, \u00e9 homem de surpresas. Tamb\u00e9m os opositores \u00e0 sua vis\u00e3o reformista parece que n\u00e3o abranda a obstru\u00e7\u00e3o cr\u00edtica. Oxal\u00e1 a tens\u00e3o verificada seja salutar e fa\u00e7a surgir novos impulsos de fidelidade ao Evangelho de Jesus Cristo e aos desafios dos sinais dos tempos messi\u00e2nicos.<\/p>\n","protected":false},"excerpt":{"rendered":"<p>O Papa Francisco \u00e9 um \u00edtalo-argentino, engenheiro de forma\u00e7\u00e3o, jesu\u00edta por voca\u00e7\u00e3o e franciscano por op\u00e7\u00e3o. O contexto em que vive antes de ser escolhido para a cadeira de Pedro em Roma leva-o a enfrentar enormes desafios que enriquecem a sua dotada personalidade, credenciando-o para o desempenho de miss\u00f5es de \u201crisco\u201d. O estilo que transparece [&hellip;]<\/p>\n","protected":false},"author":3,"featured_media":0,"comment_status":"closed","ping_status":"closed","sticky":false,"template":"","format":"standard","meta":{"footnotes":""},"categories":[62],"tags":[],"class_list":["post-27600","post","type-post","status-publish","format-standard","hentry","category-opiniao"],"_links":{"self":[{"href":"https:\/\/sites.ecclesia.pt\/cv\/wp-json\/wp\/v2\/posts\/27600","targetHints":{"allow":["GET"]}}],"collection":[{"href":"https:\/\/sites.ecclesia.pt\/cv\/wp-json\/wp\/v2\/posts"}],"about":[{"href":"https:\/\/sites.ecclesia.pt\/cv\/wp-json\/wp\/v2\/types\/post"}],"author":[{"embeddable":true,"href":"https:\/\/sites.ecclesia.pt\/cv\/wp-json\/wp\/v2\/users\/3"}],"replies":[{"embeddable":true,"href":"https:\/\/sites.ecclesia.pt\/cv\/wp-json\/wp\/v2\/comments?post=27600"}],"version-history":[{"count":1,"href":"https:\/\/sites.ecclesia.pt\/cv\/wp-json\/wp\/v2\/posts\/27600\/revisions"}],"predecessor-version":[{"id":27601,"href":"https:\/\/sites.ecclesia.pt\/cv\/wp-json\/wp\/v2\/posts\/27600\/revisions\/27601"}],"wp:attachment":[{"href":"https:\/\/sites.ecclesia.pt\/cv\/wp-json\/wp\/v2\/media?parent=27600"}],"wp:term":[{"taxonomy":"category","embeddable":true,"href":"https:\/\/sites.ecclesia.pt\/cv\/wp-json\/wp\/v2\/categories?post=27600"},{"taxonomy":"post_tag","embeddable":true,"href":"https:\/\/sites.ecclesia.pt\/cv\/wp-json\/wp\/v2\/tags?post=27600"}],"curies":[{"name":"wp","href":"https:\/\/api.w.org\/{rel}","templated":true}]}}