{"id":27605,"date":"2017-06-23T15:24:47","date_gmt":"2017-06-23T15:24:47","guid":{"rendered":"http:\/\/sites.ecclesia.pt\/cv\/?p=27605"},"modified":"2017-06-23T15:24:47","modified_gmt":"2017-06-23T15:24:47","slug":"eleicoes-para-a-direcao-do-escutismo-da-regiao-de-aveiro","status":"publish","type":"post","link":"https:\/\/sites.ecclesia.pt\/cv\/eleicoes-para-a-direcao-do-escutismo-da-regiao-de-aveiro\/","title":{"rendered":"Elei\u00e7\u00f5es para a dire\u00e7\u00e3o do escutismo da Regi\u00e3o de Aveiro"},"content":{"rendered":"<figure id=\"attachment_27607\" aria-describedby=\"caption-attachment-27607\" style=\"width: 2400px\" class=\"wp-caption alignnone\"><a href=\"https:\/\/sites.ecclesia.pt\/cv\/wp-content\/uploads\/2017\/06\/escuta.jpg\"><img loading=\"lazy\" decoding=\"async\" class=\"wp-image-27607 size-full\" src=\"https:\/\/sites.ecclesia.pt\/cv\/wp-content\/uploads\/2017\/06\/escuta.jpg\" alt=\"\" width=\"2400\" height=\"2400\" srcset=\"https:\/\/sites.ecclesia.pt\/cv\/wp-content\/uploads\/2017\/06\/escuta.jpg 2400w, https:\/\/sites.ecclesia.pt\/cv\/wp-content\/uploads\/2017\/06\/escuta-150x150.jpg 150w, https:\/\/sites.ecclesia.pt\/cv\/wp-content\/uploads\/2017\/06\/escuta-300x300.jpg 300w, https:\/\/sites.ecclesia.pt\/cv\/wp-content\/uploads\/2017\/06\/escuta-768x768.jpg 768w, https:\/\/sites.ecclesia.pt\/cv\/wp-content\/uploads\/2017\/06\/escuta-1024x1024.jpg 1024w\" sizes=\"auto, (max-width: 2400px) 100vw, 2400px\" \/><\/a><figcaption id=\"caption-attachment-27607\" class=\"wp-caption-text\">Jos\u00e9 Carlos Santos<\/figcaption><\/figure>\n<p>Decorrem no pr\u00f3ximo domingo, 25 de junho, na Base Escutista de Aveiro \/ sede regional, as elei\u00e7\u00f5es para os \u00f3rg\u00e3os dirigentes do escutismo cat\u00f3lico da Diocese de Aveiro \u2013 ou Regi\u00e3o de Aveiro. Como candidata \u00e0 Junta Regional (\u00f3rg\u00e3o executivo), apresenta-se a lista \u00fanica liderada por Jos\u00e9 Carlos Santos, atual chefe regional. Da sua equipa fazem parte Fernando Jos\u00e9 Cassola Marques (chefe adjunto), Nuno Nogueira (secret\u00e1rio da gest\u00e3o), \u00c1lvaro Castanheira (secret\u00e1rio pedag\u00f3gico), Liliana Morais (secret\u00e1ria do patrim\u00f3nio e recursos), Marisol Lucas (secret\u00e1ria do ambiente e prote\u00e7\u00e3o civil), S\u00f3nia In\u00e1cio (secret\u00e1ria da forma\u00e7\u00e3o) e Francisco Almeida (secret\u00e1rio dos planos e projetos de desenvolvimento).<br \/>\nNo mesmo ato, ser\u00e1 eleito o Conselho Fiscal e Jurisdicional. Nas elei\u00e7\u00f5es do CNE (Corpo Nacional de Escutas) t\u00eam direito de voto os dirigentes e os caminheiros \/ companheiros.<br \/>\nAs elei\u00e7\u00f5es foram antecipadas porque a atual Junta Regional, dentro das normas do Regulamento Eleitoral do Corpo Nacional de Escutas, p\u00f4s os seus cargos \u00e0 disposi\u00e7\u00e3o \u201cpor uma quest\u00e3o de melhor ajustamento de tempos de mandato, de modo a que seja o novo Executivo Regional a elaborar o Plano de Atividades e o Or\u00e7amento do pr\u00f3ximo ano, em tempo \u00fatil para apresenta\u00e7\u00e3o ao Conselho Regional de outubro ou novembro\u201d.<\/p>\n","protected":false},"excerpt":{"rendered":"<p>Decorrem no pr\u00f3ximo domingo, 25 de junho, na Base Escutista de Aveiro \/ sede regional, as elei\u00e7\u00f5es para os \u00f3rg\u00e3os dirigentes do escutismo cat\u00f3lico da Diocese de Aveiro \u2013 ou Regi\u00e3o de Aveiro. Como candidata \u00e0 Junta Regional (\u00f3rg\u00e3o executivo), apresenta-se a lista \u00fanica liderada por Jos\u00e9 Carlos Santos, atual chefe regional. Da sua equipa [&hellip;]<\/p>\n","protected":false},"author":3,"featured_media":0,"comment_status":"closed","ping_status":"closed","sticky":false,"template":"","format":"standard","meta":{"footnotes":""},"categories":[70],"tags":[],"class_list":["post-27605","post","type-post","status-publish","format-standard","hentry","category-diocese"],"_links":{"self":[{"href":"https:\/\/sites.ecclesia.pt\/cv\/wp-json\/wp\/v2\/posts\/27605","targetHints":{"allow":["GET"]}}],"collection":[{"href":"https:\/\/sites.ecclesia.pt\/cv\/wp-json\/wp\/v2\/posts"}],"about":[{"href":"https:\/\/sites.ecclesia.pt\/cv\/wp-json\/wp\/v2\/types\/post"}],"author":[{"embeddable":true,"href":"https:\/\/sites.ecclesia.pt\/cv\/wp-json\/wp\/v2\/users\/3"}],"replies":[{"embeddable":true,"href":"https:\/\/sites.ecclesia.pt\/cv\/wp-json\/wp\/v2\/comments?post=27605"}],"version-history":[{"count":1,"href":"https:\/\/sites.ecclesia.pt\/cv\/wp-json\/wp\/v2\/posts\/27605\/revisions"}],"predecessor-version":[{"id":27608,"href":"https:\/\/sites.ecclesia.pt\/cv\/wp-json\/wp\/v2\/posts\/27605\/revisions\/27608"}],"wp:attachment":[{"href":"https:\/\/sites.ecclesia.pt\/cv\/wp-json\/wp\/v2\/media?parent=27605"}],"wp:term":[{"taxonomy":"category","embeddable":true,"href":"https:\/\/sites.ecclesia.pt\/cv\/wp-json\/wp\/v2\/categories?post=27605"},{"taxonomy":"post_tag","embeddable":true,"href":"https:\/\/sites.ecclesia.pt\/cv\/wp-json\/wp\/v2\/tags?post=27605"}],"curies":[{"name":"wp","href":"https:\/\/api.w.org\/{rel}","templated":true}]}}