{"id":27609,"date":"2017-06-23T15:27:18","date_gmt":"2017-06-23T15:27:18","guid":{"rendered":"http:\/\/sites.ecclesia.pt\/cv\/?p=27609"},"modified":"2017-06-23T15:27:18","modified_gmt":"2017-06-23T15:27:18","slug":"bispo-de-aveiro-encerra-visita-pastoral-a-ilhavo-pedindo-comunidades-mais-vivas","status":"publish","type":"post","link":"https:\/\/sites.ecclesia.pt\/cv\/bispo-de-aveiro-encerra-visita-pastoral-a-ilhavo-pedindo-comunidades-mais-vivas\/","title":{"rendered":"Bispo de Aveiro encerra visita pastoral a \u00cdlhavo pedindo comunidades mais vivas"},"content":{"rendered":"<figure id=\"attachment_27610\" aria-describedby=\"caption-attachment-27610\" style=\"width: 3024px\" class=\"wp-caption alignnone\"><a href=\"https:\/\/sites.ecclesia.pt\/cv\/wp-content\/uploads\/2017\/06\/03-corpo-de-Deus.jpg\"><img loading=\"lazy\" decoding=\"async\" class=\"size-full wp-image-27610\" src=\"https:\/\/sites.ecclesia.pt\/cv\/wp-content\/uploads\/2017\/06\/03-corpo-de-Deus.jpg\" alt=\"\" width=\"3024\" height=\"2016\" srcset=\"https:\/\/sites.ecclesia.pt\/cv\/wp-content\/uploads\/2017\/06\/03-corpo-de-Deus.jpg 3024w, https:\/\/sites.ecclesia.pt\/cv\/wp-content\/uploads\/2017\/06\/03-corpo-de-Deus-300x200.jpg 300w, https:\/\/sites.ecclesia.pt\/cv\/wp-content\/uploads\/2017\/06\/03-corpo-de-Deus-768x512.jpg 768w, https:\/\/sites.ecclesia.pt\/cv\/wp-content\/uploads\/2017\/06\/03-corpo-de-Deus-1024x683.jpg 1024w\" sizes=\"auto, (max-width: 3024px) 100vw, 3024px\" \/><\/a><figcaption id=\"caption-attachment-27610\" class=\"wp-caption-text\">D. Ant\u00f3nio Moiteiro: \u201c\u00c9 necess\u00e1rio assumir a assiduidade \u00e0 Eucaristia dominical\u201d<\/figcaption><\/figure>\n<p><strong>Corpo de Deus. D. Ant\u00f3nio Moiteiro insiste no an\u00fancio e testemunho de Cristo, nas comunidades vivas e na forma\u00e7\u00e3o crist\u00e3.<\/strong><\/p>\n<p>&nbsp;<\/p>\n<p>O Bispo de Aveiro apontou ao arciprestado de \u00cdlhavo \u201ctr\u00eas desafios cuja resposta pode indicar o caminho para os pr\u00f3ximos anos\u201d. Na homilia da solenidade do Corpo e Sangue de Cristo, 15 de junho, celebrada no centro de \u00cdlhavo para encerrar a visita pastoral que decorreu nas seis par\u00f3quias entre janeiro e mar\u00e7o de 2017, D. Ant\u00f3nio Moiteiro lan\u00e7ou uma quest\u00e3o e adiantou \u201ctr\u00eas desafios\u201d como resposta.<br \/>\nA quest\u00e3o: \u201cQue desafios devemos assumir para que a renova\u00e7\u00e3o pedida pelo Conc\u00edlio Vaticano II e os \u00faltimos documentos do Papa Francisco seja uma realidade nas par\u00f3quias, nos movimentos de leigos, na vida dos sacerdotes e di\u00e1conos?\u201d<br \/>\nOs desafios: Primeiro, \u201cSer testemunhas de Cristo ressuscitado\u201d, porque este an\u00fancio \u201cdeve ocupar o centro da atividade evangelizadora e de toda a tentativa de renova\u00e7\u00e3o eclesial\u201d. Segundo, formar \u201ccomunidades crist\u00e3s vivas e fraternas\u201d, que \u201csejam aut\u00eanticas escolas de viv\u00eancia da f\u00e9 e da comunh\u00e3o, gerando entre todos os seus membros la\u00e7os de fidelidade, de proximidade e de confian\u00e7a, que se traduzam no servi\u00e7o humilde da caridade fraterna\u201d. Para que estas comunidades sejam reais, \u00e9 necess\u00e1rio assumir a \u201cassiduidade \u00e0 Eucaristia dominical\u201d e praticar a ora\u00e7\u00e3o. As comunidades que rezam \u201cs\u00e3o ber\u00e7o de novas voca\u00e7\u00f5es \u00e0 vida matrimonial, \u00e0 vida sacerdotal e de consagra\u00e7\u00e3o\u201d, disse o pastor. Terceiro, a forma\u00e7\u00e3o crist\u00e3. \u201cEm todas as eucaristias de encerramento da respetiva visita pastoral \u00e0s v\u00e1rias par\u00f3quias do arciprestado referi a necessidade de uma forma\u00e7\u00e3o crist\u00e3 mais profunda, de modo que cada um de n\u00f3s saiba dar as raz\u00f5es da sua f\u00e9. Pedi mesmo a cria\u00e7\u00e3o de uma Escola de Teologia para Leigos no arciprestado de \u00cdlhavo, onde se possa pensar a f\u00e9, conhecer os fundamentos do cristianismo, tendo como base a Sagrada escritura e, de um modo particular, o Evangelho. Sem uma paix\u00e3o pela Palavra de Deus \u2013 a pessoa de Jesus \u2013 n\u00e3o teremos o fogo necess\u00e1rio para sermos evangelizadores. E isto nasce da forma\u00e7\u00e3o crist\u00e3\u201d, lembrou D. Ant\u00f3nio Moiteiro.<br \/>\nA celebra\u00e7\u00e3o decorreu no Jardim Henriqueta Maia, seguindo-se a prociss\u00e3o eucar\u00edstica pelas ruas da cidade. Integraram a prociss\u00e3o, em especial, as crian\u00e7as que fizeram a Primeira Comunh\u00e3o no arciprestado de \u00cdlhavo. Momentos antes da prociss\u00e3o, D. Ant\u00f3nio Moiteiro dialogou com as crian\u00e7as para lhes dizer que \u201co amigo Jesus est\u00e1 no P\u00e3o e no Vinho\u201d, pelo que \u00e9 importante participar na Missa e \u201ccomungar uma vez, duas vezes, mil vezes, mil e uma vezes\u201d.<\/p>\n","protected":false},"excerpt":{"rendered":"<p>Corpo de Deus. D. Ant\u00f3nio Moiteiro insiste no an\u00fancio e testemunho de Cristo, nas comunidades vivas e na forma\u00e7\u00e3o crist\u00e3. &nbsp; O Bispo de Aveiro apontou ao arciprestado de \u00cdlhavo \u201ctr\u00eas desafios cuja resposta pode indicar o caminho para os pr\u00f3ximos anos\u201d. Na homilia da solenidade do Corpo e Sangue de Cristo, 15 de junho, [&hellip;]<\/p>\n","protected":false},"author":3,"featured_media":0,"comment_status":"closed","ping_status":"closed","sticky":false,"template":"","format":"standard","meta":{"footnotes":""},"categories":[38],"tags":[],"class_list":["post-27609","post","type-post","status-publish","format-standard","hentry","category-destaque"],"_links":{"self":[{"href":"https:\/\/sites.ecclesia.pt\/cv\/wp-json\/wp\/v2\/posts\/27609","targetHints":{"allow":["GET"]}}],"collection":[{"href":"https:\/\/sites.ecclesia.pt\/cv\/wp-json\/wp\/v2\/posts"}],"about":[{"href":"https:\/\/sites.ecclesia.pt\/cv\/wp-json\/wp\/v2\/types\/post"}],"author":[{"embeddable":true,"href":"https:\/\/sites.ecclesia.pt\/cv\/wp-json\/wp\/v2\/users\/3"}],"replies":[{"embeddable":true,"href":"https:\/\/sites.ecclesia.pt\/cv\/wp-json\/wp\/v2\/comments?post=27609"}],"version-history":[{"count":1,"href":"https:\/\/sites.ecclesia.pt\/cv\/wp-json\/wp\/v2\/posts\/27609\/revisions"}],"predecessor-version":[{"id":27611,"href":"https:\/\/sites.ecclesia.pt\/cv\/wp-json\/wp\/v2\/posts\/27609\/revisions\/27611"}],"wp:attachment":[{"href":"https:\/\/sites.ecclesia.pt\/cv\/wp-json\/wp\/v2\/media?parent=27609"}],"wp:term":[{"taxonomy":"category","embeddable":true,"href":"https:\/\/sites.ecclesia.pt\/cv\/wp-json\/wp\/v2\/categories?post=27609"},{"taxonomy":"post_tag","embeddable":true,"href":"https:\/\/sites.ecclesia.pt\/cv\/wp-json\/wp\/v2\/tags?post=27609"}],"curies":[{"name":"wp","href":"https:\/\/api.w.org\/{rel}","templated":true}]}}