{"id":27612,"date":"2017-06-23T15:28:27","date_gmt":"2017-06-23T15:28:27","guid":{"rendered":"http:\/\/sites.ecclesia.pt\/cv\/?p=27612"},"modified":"2017-06-23T15:29:02","modified_gmt":"2017-06-23T15:29:02","slug":"jornada-mundial-de-oracao-pelos-sacerdotes-2","status":"publish","type":"post","link":"https:\/\/sites.ecclesia.pt\/cv\/jornada-mundial-de-oracao-pelos-sacerdotes-2\/","title":{"rendered":"Jornada Mundial de Ora\u00e7\u00e3o pelos Sacerdotes"},"content":{"rendered":"<p><a href=\"https:\/\/sites.ecclesia.pt\/cv\/wp-content\/uploads\/2017\/06\/03-padres.jpg\"><img loading=\"lazy\" decoding=\"async\" class=\"alignnone size-full wp-image-27613\" src=\"https:\/\/sites.ecclesia.pt\/cv\/wp-content\/uploads\/2017\/06\/03-padres.jpg\" alt=\"\" width=\"2592\" height=\"1944\" srcset=\"https:\/\/sites.ecclesia.pt\/cv\/wp-content\/uploads\/2017\/06\/03-padres.jpg 2592w, https:\/\/sites.ecclesia.pt\/cv\/wp-content\/uploads\/2017\/06\/03-padres-300x225.jpg 300w, https:\/\/sites.ecclesia.pt\/cv\/wp-content\/uploads\/2017\/06\/03-padres-768x576.jpg 768w, https:\/\/sites.ecclesia.pt\/cv\/wp-content\/uploads\/2017\/06\/03-padres-1024x768.jpg 1024w\" sizes=\"auto, (max-width: 2592px) 100vw, 2592px\" \/><\/a><\/p>\n<p>&nbsp;<\/p>\n<p>Na pr\u00f3xima sexta-feira, dia 23 e solenidade do Cora\u00e7\u00e3o de Jesus, a Igreja \u00e9 convidada a rezar pelos sacerdotes e a pedir o dom da sua santifica\u00e7\u00e3o na condu\u00e7\u00e3o do povo de Deus.<br \/>\nA evangeliza\u00e7\u00e3o, hoje como ontem, depende dos evangelizadores. O evangelizador tem de ser um bom crente e para se converter num bom crente tem de ser um bom orante. N\u00e3o \u00e9 poss\u00edvel dialogar com um Deus sempre invis\u00edvel, e hoje menos evidente todavia, se n\u00e3o se vive da contempla\u00e7\u00e3o. A atitude contemplativa \u00e9 hoje elemento constitutivo da identidade crist\u00e3. A novidade da prega\u00e7\u00e3o crist\u00e3 radica na qualidade de vida que leve o evangelizador, da sua experi\u00eancia nova do Deus vivo.<br \/>\nO ministro do Evangelho que n\u00e3o tenha o Evangelho no seu cora\u00e7\u00e3o, objeto da sua contempla\u00e7\u00e3o e motivo de ora\u00e7\u00e3o, n\u00e3o o conseguir\u00e1 manter na sua boca como a\u00e7\u00e3o mission\u00e1ria.<br \/>\nConvido todas as comunidades crist\u00e3s a rezarem pelos sacerdotes que as acompanham na sua vida crist\u00e3. A ora\u00e7\u00e3o pelos sacerdotes deve levar os crist\u00e3os a terem confian\u00e7a num Deus que \u00e9 Pai: \u00abA seara \u00e9 grande e os trabalhadores s\u00e3o poucos\u00bb (Mt 9,37); e a viverem unidos em profunda comunh\u00e3o de vida: \u00abRogai ao Senhor da messe que mande trabalhadores para a sua messe\u00bb (Mt 9,38).<br \/>\nA ora\u00e7\u00e3o comunit\u00e1ria \u00e9 o lugar por excel\u00eancia da presen\u00e7a de Jesus. Jesus est\u00e1 presente sempre que a comunidade se re\u00fane num s\u00f3 cora\u00e7\u00e3o e numa s\u00f3 alma. Quando todos pensam unicamente no Reino de Deus, o Reino vem, torna-se realidade, porque Jesus est\u00e1 ali \u00abonde dois ou tr\u00eas se re\u00fanem em seu nome\u00bb.<br \/>\nFa\u00e7amos da Solenidade do Cora\u00e7\u00e3o de Jesus uma jornada de ora\u00e7\u00e3o em toda a Diocese pelos sacerdotes e pelas voca\u00e7\u00f5es sacerdotais.<br \/>\nLevamos em vasos de barro o tesouro do nosso minist\u00e9rio e, por isso, necessitamos da ora\u00e7\u00e3o das comunidades crist\u00e3s para que a nossa vida seja cada vez mais \u00e0 imagem de Cristo Bom Pastor.<\/p>\n<p><em>Aveiro, 18 de junho de 2017<\/em><br \/>\n<strong>+ Ant\u00f3nio Moiteiro, <\/strong><br \/>\n<strong>Bispo de Aveiro.<\/strong><\/p>\n","protected":false},"excerpt":{"rendered":"<p>&nbsp; Na pr\u00f3xima sexta-feira, dia 23 e solenidade do Cora\u00e7\u00e3o de Jesus, a Igreja \u00e9 convidada a rezar pelos sacerdotes e a pedir o dom da sua santifica\u00e7\u00e3o na condu\u00e7\u00e3o do povo de Deus. A evangeliza\u00e7\u00e3o, hoje como ontem, depende dos evangelizadores. O evangelizador tem de ser um bom crente e para se converter num [&hellip;]<\/p>\n","protected":false},"author":3,"featured_media":0,"comment_status":"closed","ping_status":"closed","sticky":false,"template":"","format":"standard","meta":{"footnotes":""},"categories":[38],"tags":[],"class_list":["post-27612","post","type-post","status-publish","format-standard","hentry","category-destaque"],"_links":{"self":[{"href":"https:\/\/sites.ecclesia.pt\/cv\/wp-json\/wp\/v2\/posts\/27612","targetHints":{"allow":["GET"]}}],"collection":[{"href":"https:\/\/sites.ecclesia.pt\/cv\/wp-json\/wp\/v2\/posts"}],"about":[{"href":"https:\/\/sites.ecclesia.pt\/cv\/wp-json\/wp\/v2\/types\/post"}],"author":[{"embeddable":true,"href":"https:\/\/sites.ecclesia.pt\/cv\/wp-json\/wp\/v2\/users\/3"}],"replies":[{"embeddable":true,"href":"https:\/\/sites.ecclesia.pt\/cv\/wp-json\/wp\/v2\/comments?post=27612"}],"version-history":[{"count":2,"href":"https:\/\/sites.ecclesia.pt\/cv\/wp-json\/wp\/v2\/posts\/27612\/revisions"}],"predecessor-version":[{"id":27615,"href":"https:\/\/sites.ecclesia.pt\/cv\/wp-json\/wp\/v2\/posts\/27612\/revisions\/27615"}],"wp:attachment":[{"href":"https:\/\/sites.ecclesia.pt\/cv\/wp-json\/wp\/v2\/media?parent=27612"}],"wp:term":[{"taxonomy":"category","embeddable":true,"href":"https:\/\/sites.ecclesia.pt\/cv\/wp-json\/wp\/v2\/categories?post=27612"},{"taxonomy":"post_tag","embeddable":true,"href":"https:\/\/sites.ecclesia.pt\/cv\/wp-json\/wp\/v2\/tags?post=27612"}],"curies":[{"name":"wp","href":"https:\/\/api.w.org\/{rel}","templated":true}]}}