{"id":27616,"date":"2017-06-29T16:40:05","date_gmt":"2017-06-29T16:40:05","guid":{"rendered":"http:\/\/sites.ecclesia.pt\/cv\/?p=27616"},"modified":"2017-06-29T16:40:05","modified_gmt":"2017-06-29T16:40:05","slug":"radicalismo-da-caridade","status":"publish","type":"post","link":"https:\/\/sites.ecclesia.pt\/cv\/radicalismo-da-caridade\/","title":{"rendered":"Radicalismo da caridade"},"content":{"rendered":"<figure id=\"attachment_24379\" aria-describedby=\"caption-attachment-24379\" style=\"width: 150px\" class=\"wp-caption alignnone\"><a href=\"https:\/\/sites.ecclesia.pt\/cv\/wp-content\/uploads\/2014\/02\/editorial_Pe-Querubim-Silva.jpg\"><img loading=\"lazy\" decoding=\"async\" class=\"wp-image-24379\" src=\"https:\/\/sites.ecclesia.pt\/cv\/wp-content\/uploads\/2014\/02\/editorial_Pe-Querubim-Silva.jpg\" alt=\"\" width=\"150\" height=\"209\" srcset=\"https:\/\/sites.ecclesia.pt\/cv\/wp-content\/uploads\/2014\/02\/editorial_Pe-Querubim-Silva.jpg 288w, https:\/\/sites.ecclesia.pt\/cv\/wp-content\/uploads\/2014\/02\/editorial_Pe-Querubim-Silva-214x300.jpg 214w\" sizes=\"auto, (max-width: 150px) 100vw, 150px\" \/><\/a><figcaption id=\"caption-attachment-24379\" class=\"wp-caption-text\">QUERUBIM SILVA<br \/> Padre. Diretor<\/figcaption><\/figure>\n<p>A express\u00e3o do santo Padre, na sua recente visita ao Egito, ter\u00e1 sido algo semelhante a isto: \u201cO \u00fanico radicalismo leg\u00edtimo em nome de Deus \u00e9 o radicalismo da Caridade\u201d. E todas as suas interven\u00e7\u00f5es foram nesse sentido, num veemente apelo ao di\u00e1logo entre religi\u00f5es, culturas e povos, envolvido pela f\u00e9, como s\u00f3lido pressuposto para construir a paz. \u201cN\u00e3o precisamos de fabricantes de armas; precisamos de obreiros da Paz!\u201d<br \/>\nAcabamos de viver, no nosso Pa\u00eds, uma trag\u00e9dia sem par. Desencadeou muitos gestos de simpatia, muitas atitudes filantr\u00f3picas, correntes de solidariedade\u2026 e tamb\u00e9m convictas atitudes de verdadeira caridade. E s\u00f3 essa perdurar\u00e1! Porque o amor \u00e9 permanente, para as horas m\u00e1s como para os momentos de felicidade.<br \/>\nA reconstru\u00e7\u00e3o faz-se de pareceres t\u00e9cnicos, de aux\u00edlios financeiros, de apoios psicol\u00f3gicos\u2026 Mas o rem\u00e9dio primeiro e mais profundo ter\u00e1 de ser o amor de irm\u00e3os, que torne sens\u00edvel, na propor\u00e7\u00e3o das debilidades causadas, a intensidade da miseric\u00f3rdia do Pai. As feridas v\u00e3o permanecer por longo tempo. A esperan\u00e7a reconquista-se dia a dia, pela certeza desta presen\u00e7a constante do Amor eterno, nos caminhos cinzentos e sombrios, como nos iluminados e aquecidos pelo sol.<br \/>\nAs manhas e artimanhas dos pol\u00edticos tudo far\u00e3o para mascarar a sua dist\u00e2ncia da realidade profunda do cora\u00e7\u00e3o das pessoas. Os contorcionismos para descobrir e fugir \u00e0 verdade ir\u00e3o prolongar-se indefinidamente, j\u00e1 o sabemos. \u00c9 que \u00e9 dif\u00edcil viver o radicalismo evang\u00e9lico: \u201cAquele de v\u00f3s que quiser ser o maior, fa\u00e7a-se o servo de todos\u201d. Bem nos advertia o Senhor Jesus: \u201cQue entre v\u00f3s n\u00e3o aconte\u00e7a como entre os poderes do mundo\u2026 Esses tomam o poder para dominar\u201d\u2026<br \/>\nT\u00eam sido demasiados os aspetos que denotam esta f\u00faria do poder, para impor aos cidad\u00e3os os crit\u00e9rios que moldem a sociedade segundo os \u201cpreceitos ideol\u00f3gicos\u201d de quem \u201cgoverna\u201d (ou de quem domina o governo da Na\u00e7\u00e3o). Evidentemente com uma opini\u00e3o p\u00fablica intoxicada (e dominada) por uma comunica\u00e7\u00e3o social controlada, que vende a mentira sem aceitar sequer o contradit\u00f3rio.<br \/>\nS\u00f3 um exemplo: a senhora Secret\u00e1ria de Estado da Administra\u00e7\u00e3o Educativa \u201cvendeu\u201d \u00e0 comunica\u00e7\u00e3o social a mentira de uma poupan\u00e7a de milh\u00f5es ao Estado com o corte de turmas ao Ensino Particular e Cooperativo. E a Comunica\u00e7\u00e3o Social preocupou-se em averiguar quanto \u00e9 que custar\u00e3o essas turmas na Escola estatal, divulgando que, afinal, o saldo ser\u00e1 fortemente negativo? Se eu o quiser fazer, n\u00e3o terei lugar nas p\u00e1ginas dos jornais, nas vozes da r\u00e1dio ou nos ecr\u00e3s televisivos. J\u00e1 notou isso, senhor Presidente da Rep\u00fablica?<br \/>\nServir! Servir! Servir! Uma ousadia que ainda tem, felizmente, muitos seguidores, mas que s\u00e3o abafados pelo espet\u00e1culo medi\u00e1tico dos muitos que, em vez disso, se servem.<\/p>\n","protected":false},"excerpt":{"rendered":"<p>A express\u00e3o do santo Padre, na sua recente visita ao Egito, ter\u00e1 sido algo semelhante a isto: \u201cO \u00fanico radicalismo leg\u00edtimo em nome de Deus \u00e9 o radicalismo da Caridade\u201d. E todas as suas interven\u00e7\u00f5es foram nesse sentido, num veemente apelo ao di\u00e1logo entre religi\u00f5es, culturas e povos, envolvido pela f\u00e9, como s\u00f3lido pressuposto para [&hellip;]<\/p>\n","protected":false},"author":3,"featured_media":0,"comment_status":"closed","ping_status":"closed","sticky":false,"template":"","format":"standard","meta":{"footnotes":""},"categories":[62],"tags":[],"class_list":["post-27616","post","type-post","status-publish","format-standard","hentry","category-opiniao"],"_links":{"self":[{"href":"https:\/\/sites.ecclesia.pt\/cv\/wp-json\/wp\/v2\/posts\/27616","targetHints":{"allow":["GET"]}}],"collection":[{"href":"https:\/\/sites.ecclesia.pt\/cv\/wp-json\/wp\/v2\/posts"}],"about":[{"href":"https:\/\/sites.ecclesia.pt\/cv\/wp-json\/wp\/v2\/types\/post"}],"author":[{"embeddable":true,"href":"https:\/\/sites.ecclesia.pt\/cv\/wp-json\/wp\/v2\/users\/3"}],"replies":[{"embeddable":true,"href":"https:\/\/sites.ecclesia.pt\/cv\/wp-json\/wp\/v2\/comments?post=27616"}],"version-history":[{"count":1,"href":"https:\/\/sites.ecclesia.pt\/cv\/wp-json\/wp\/v2\/posts\/27616\/revisions"}],"predecessor-version":[{"id":27617,"href":"https:\/\/sites.ecclesia.pt\/cv\/wp-json\/wp\/v2\/posts\/27616\/revisions\/27617"}],"wp:attachment":[{"href":"https:\/\/sites.ecclesia.pt\/cv\/wp-json\/wp\/v2\/media?parent=27616"}],"wp:term":[{"taxonomy":"category","embeddable":true,"href":"https:\/\/sites.ecclesia.pt\/cv\/wp-json\/wp\/v2\/categories?post=27616"},{"taxonomy":"post_tag","embeddable":true,"href":"https:\/\/sites.ecclesia.pt\/cv\/wp-json\/wp\/v2\/tags?post=27616"}],"curies":[{"name":"wp","href":"https:\/\/api.w.org\/{rel}","templated":true}]}}