{"id":27618,"date":"2017-06-29T16:41:46","date_gmt":"2017-06-29T16:41:46","guid":{"rendered":"http:\/\/sites.ecclesia.pt\/cv\/?p=27618"},"modified":"2017-06-29T16:41:46","modified_gmt":"2017-06-29T16:41:46","slug":"paixao-e-luta","status":"publish","type":"post","link":"https:\/\/sites.ecclesia.pt\/cv\/paixao-e-luta\/","title":{"rendered":"Paix\u00e3o e luta"},"content":{"rendered":"<figure id=\"attachment_25620\" aria-describedby=\"caption-attachment-25620\" style=\"width: 150px\" class=\"wp-caption alignnone\"><a href=\"https:\/\/sites.ecclesia.pt\/cv\/wp-content\/uploads\/2015\/02\/prisao1.jpg\"><img loading=\"lazy\" decoding=\"async\" class=\"wp-image-25620\" src=\"https:\/\/sites.ecclesia.pt\/cv\/wp-content\/uploads\/2015\/02\/prisao1.jpg\" alt=\"\" width=\"150\" height=\"76\" srcset=\"https:\/\/sites.ecclesia.pt\/cv\/wp-content\/uploads\/2015\/02\/prisao1.jpg 750w, https:\/\/sites.ecclesia.pt\/cv\/wp-content\/uploads\/2015\/02\/prisao1-300x151.jpg 300w\" sizes=\"auto, (max-width: 150px) 100vw, 150px\" \/><\/a><figcaption id=\"caption-attachment-25620\" class=\"wp-caption-text\">JO\u00c3O GON\u00c7ALVES<br \/> Padre. Pastoral S\u00f3cio-Caritativa<\/figcaption><\/figure>\n<p>A entrega a uma causa grande pressup\u00f5e sempre uma alta convic\u00e7\u00e3o, uma luta por vezes com dor, e uma enorme capacidade para se deixar \u201cdominar\u201d. Alguns profetas b\u00edblicos \u2013 e n\u00e3o s\u00f3 &#8211; relatam at\u00e9, com algum dramatismo, a luta e a vit\u00f3ria, com sabor a \u201cderrota\u201d: numa luta desigual, e Tu venceste!<br \/>\nS\u00f3 que as derrotas deste g\u00e9nero significam grandes vit\u00f3rias: deixar-se levar, deixar-se vencer por Deus, \u00e9 vit\u00f3ria garantida! Quantas vezes muitos de n\u00f3s n\u00e3o ter\u00e3o sentido que \u201c\u00e9 preciso perder\u2026 para depois e ganhar\u201d. A aparente derrota, porque nos p\u00f5e no nosso lugar, diz-nos que o caminho da realiza\u00e7\u00e3o pessoal est\u00e1 encontrado; depois, \u00e9 s\u00f3 alimentar, refor\u00e7ar a din\u00e2mica, e avan\u00e7ar\u2026<br \/>\nH\u00e1 pessoas privadas de liberdade por um tempo, mais ou menos longo \u2013 acho que \u00e9 sempre demasiado longo! \u2013 que, tendo perdido temporariamente o uso de algumas dimens\u00f5es da liberdade, entenderam que foi preciso tanto\u2026para poderem voltar \u00e0 vida: perder, para ganhar!<br \/>\nAlgo de parecido se passa com as chamadas que Deus faz a cada um: entusiasmo, sombras, d\u00favidas, convic\u00e7\u00f5es, lutas, tempos de trevas e de luzes\u2026 at\u00e9 se chegar \u00e0 dimens\u00e3o de um sim, sempre misturado com d\u00favidas, mas na grande certeza da identifica\u00e7\u00e3o da Voz que chamou. Tal como Maria, que aceitou uma proposta quase imposs\u00edvel\u2026 mas que mereceu um sim consciente, que A fez \u201cBendita entre todas\u201d!<br \/>\nNeste Domingo, dia da Igreja Diocesana de Aveiro, pudemos ver e sentir a alegria daquele grupo de Jovens que soube entender a chamada, disse sim, e agora vai partir: n\u00e3o para o totalmente desconhecido, para algo que tem tanto de aventura como de coragem! Valentes Jovens! Precisamos de ver a vossa determina\u00e7\u00e3o, e de conhecer os vossos rostos, de os ver felizes, mesmo com uma l\u00e1grima, que era tamb\u00e9m de alegria! T\u00e3o belo!&#8230;<br \/>\nE esta gente nova ensina-nos que \u201c\u00e9 preciso perder\u2026. pra depois se ganhar\u2026 acreditar!\u201d E a minha voca\u00e7\u00e3o torna-se nova e refrescada, com estes sinais de generosidade, porque de F\u00e9.<br \/>\nO Plano Diocesano de Pastoral, para o pr\u00f3ximo ano, vai introduzir-nos no essencial da F\u00e9 professada: a Caridade, a dedica\u00e7\u00e3o e a entrega os d\u00e9beis das nossas Comunidades; vai levar-nos a lutas, que depois se ver\u00e3o em resultado de vit\u00f3rias, porque de dedica\u00e7\u00e3o e de doa\u00e7\u00e3o, de aten\u00e7\u00f5es e de d\u00e1divas de bens materiais, espirituais, e sempre de afectos, isto \u00e9, de amor.<br \/>\nAs Pessoas privadas de liberdade nas nossas Pris\u00f5es; as Pessoas marcadas pela dor, pelo sofrimento, pela solid\u00e3o, ao saberem que neste ano todas as Comunidades, e cada um de n\u00f3s, v\u00e3o dar mais tempo, e distribuir por toda a gente carinho e afecto\u2026 ficam a alimentar esperan\u00e7as de uma real proximidade, em que todos vamos ganhar!<br \/>\nSe me perguntarem se tenho muito ou alguma coisa para dar\u2026eu posso n\u00e3o ter logo ali a resposta directa! Mas sempre posso dizer, com toda a verdade: \u201cTenho muito que amar!\u201d\u2026<\/p>\n","protected":false},"excerpt":{"rendered":"<p>A entrega a uma causa grande pressup\u00f5e sempre uma alta convic\u00e7\u00e3o, uma luta por vezes com dor, e uma enorme capacidade para se deixar \u201cdominar\u201d. Alguns profetas b\u00edblicos \u2013 e n\u00e3o s\u00f3 &#8211; relatam at\u00e9, com algum dramatismo, a luta e a vit\u00f3ria, com sabor a \u201cderrota\u201d: numa luta desigual, e Tu venceste! S\u00f3 que [&hellip;]<\/p>\n","protected":false},"author":3,"featured_media":0,"comment_status":"closed","ping_status":"closed","sticky":false,"template":"","format":"standard","meta":{"footnotes":""},"categories":[62],"tags":[],"class_list":["post-27618","post","type-post","status-publish","format-standard","hentry","category-opiniao"],"_links":{"self":[{"href":"https:\/\/sites.ecclesia.pt\/cv\/wp-json\/wp\/v2\/posts\/27618","targetHints":{"allow":["GET"]}}],"collection":[{"href":"https:\/\/sites.ecclesia.pt\/cv\/wp-json\/wp\/v2\/posts"}],"about":[{"href":"https:\/\/sites.ecclesia.pt\/cv\/wp-json\/wp\/v2\/types\/post"}],"author":[{"embeddable":true,"href":"https:\/\/sites.ecclesia.pt\/cv\/wp-json\/wp\/v2\/users\/3"}],"replies":[{"embeddable":true,"href":"https:\/\/sites.ecclesia.pt\/cv\/wp-json\/wp\/v2\/comments?post=27618"}],"version-history":[{"count":1,"href":"https:\/\/sites.ecclesia.pt\/cv\/wp-json\/wp\/v2\/posts\/27618\/revisions"}],"predecessor-version":[{"id":27619,"href":"https:\/\/sites.ecclesia.pt\/cv\/wp-json\/wp\/v2\/posts\/27618\/revisions\/27619"}],"wp:attachment":[{"href":"https:\/\/sites.ecclesia.pt\/cv\/wp-json\/wp\/v2\/media?parent=27618"}],"wp:term":[{"taxonomy":"category","embeddable":true,"href":"https:\/\/sites.ecclesia.pt\/cv\/wp-json\/wp\/v2\/categories?post=27618"},{"taxonomy":"post_tag","embeddable":true,"href":"https:\/\/sites.ecclesia.pt\/cv\/wp-json\/wp\/v2\/tags?post=27618"}],"curies":[{"name":"wp","href":"https:\/\/api.w.org\/{rel}","templated":true}]}}