{"id":27621,"date":"2017-06-29T16:44:09","date_gmt":"2017-06-29T16:44:09","guid":{"rendered":"http:\/\/sites.ecclesia.pt\/cv\/?p=27621"},"modified":"2017-06-29T16:44:09","modified_gmt":"2017-06-29T16:44:09","slug":"jovens-encontro-dos-convivios-fraternos-em-aguada-de-cima","status":"publish","type":"post","link":"https:\/\/sites.ecclesia.pt\/cv\/jovens-encontro-dos-convivios-fraternos-em-aguada-de-cima\/","title":{"rendered":"Jovens: Encontro dos Conv\u00edvios Fraternos em Aguada de Cima"},"content":{"rendered":"<figure id=\"attachment_27622\" aria-describedby=\"caption-attachment-27622\" style=\"width: 1360px\" class=\"wp-caption alignnone\"><a href=\"https:\/\/sites.ecclesia.pt\/cv\/wp-content\/uploads\/2017\/06\/02-claudina-pinheiro.jpg\"><img loading=\"lazy\" decoding=\"async\" class=\"size-full wp-image-27622\" src=\"https:\/\/sites.ecclesia.pt\/cv\/wp-content\/uploads\/2017\/06\/02-claudina-pinheiro.jpg\" alt=\"\" width=\"1360\" height=\"2048\" srcset=\"https:\/\/sites.ecclesia.pt\/cv\/wp-content\/uploads\/2017\/06\/02-claudina-pinheiro.jpg 1360w, https:\/\/sites.ecclesia.pt\/cv\/wp-content\/uploads\/2017\/06\/02-claudina-pinheiro-199x300.jpg 199w, https:\/\/sites.ecclesia.pt\/cv\/wp-content\/uploads\/2017\/06\/02-claudina-pinheiro-768x1157.jpg 768w, https:\/\/sites.ecclesia.pt\/cv\/wp-content\/uploads\/2017\/06\/02-claudina-pinheiro-680x1024.jpg 680w\" sizes=\"auto, (max-width: 1360px) 100vw, 1360px\" \/><\/a><figcaption id=\"caption-attachment-27622\" class=\"wp-caption-text\">Claudine Pinheiro\u00a0d\u00e1 um concerto-ora\u00e7\u00e3o\u00a0na noite de s\u00e1bado<\/figcaption><\/figure>\n<p>Entre as 14h do dia 1 de julho, s\u00e1bado, e as 11h do dia 2 de julho, domingo, realiza-se na em Aguada de Cima o Conviver \u2013 Encontro Diocesano Convida 2017. Trata-se de um encontro com momentos de reflex\u00e3o, ora\u00e7\u00e3o, m\u00fasica e conv\u00edvio, destinado aos jovens que participaram num Conv\u00edvio Fraterno (encontros de tr\u00eas dias para despertar a f\u00e9 crist\u00e3).<br \/>\nO encontro tem como tema a frase de Jesus \u201cQuem perder a sua vida por Minha causa, h\u00e1 de encontr\u00e1-la!\u201d (Mt 10, 37-42), permitindo v\u00e1rias modalidades de inscri\u00e7\u00e3o: a tempo inteiro (5 euros; s\u00f3 para convivas); noite de s\u00e1bado (2,5 euros; para convivas e n\u00e3o convivas); outros momentos parciais de entrada gratuita para todos.<br \/>\nO encontro, decorrendo na EB 2,3 e em espa\u00e7os da par\u00f3quia, ter\u00e1 o seguinte programa: 14h00 &#8211; Acolhimento ; 15h00 \u2013 Workshop \u201cRezar para qu\u00ea?\u201d, pelo Servi\u00e7o de Espiritualidade do Semin\u00e1rio; 16h00 \u2013 Talk \u201cMultiplicar a felicidade dividindo-a\u2026\u201d, pelo Centro Comunit\u00e1rio da Gafanha do Carmo; 18h00 \u2013 ConViver; 20h00 Eucaristia presidida pelo Bispo de Aveiro; 21h30 \u2013 Jantar Comunit\u00e1rio; 22h30 \u2013 Concerto-ora\u00e7\u00e3o com Claudine Pinheiro; 00h00-8h00 \u2013 Vig\u00edlia de ora\u00e7\u00e3o; 10h30 de domingo \u2013 Envio.<br \/>\nMais informa\u00e7\u00f5es e inscri\u00e7\u00f5es no Secretariado Diocesano Conv\u00edvios Fraternos Aveiro (cfdioceseaveiro@gmail.com).<\/p>\n","protected":false},"excerpt":{"rendered":"<p>Entre as 14h do dia 1 de julho, s\u00e1bado, e as 11h do dia 2 de julho, domingo, realiza-se na em Aguada de Cima o Conviver \u2013 Encontro Diocesano Convida 2017. Trata-se de um encontro com momentos de reflex\u00e3o, ora\u00e7\u00e3o, m\u00fasica e conv\u00edvio, destinado aos jovens que participaram num Conv\u00edvio Fraterno (encontros de tr\u00eas dias [&hellip;]<\/p>\n","protected":false},"author":3,"featured_media":0,"comment_status":"closed","ping_status":"closed","sticky":false,"template":"","format":"standard","meta":{"footnotes":""},"categories":[70],"tags":[],"class_list":["post-27621","post","type-post","status-publish","format-standard","hentry","category-diocese"],"_links":{"self":[{"href":"https:\/\/sites.ecclesia.pt\/cv\/wp-json\/wp\/v2\/posts\/27621","targetHints":{"allow":["GET"]}}],"collection":[{"href":"https:\/\/sites.ecclesia.pt\/cv\/wp-json\/wp\/v2\/posts"}],"about":[{"href":"https:\/\/sites.ecclesia.pt\/cv\/wp-json\/wp\/v2\/types\/post"}],"author":[{"embeddable":true,"href":"https:\/\/sites.ecclesia.pt\/cv\/wp-json\/wp\/v2\/users\/3"}],"replies":[{"embeddable":true,"href":"https:\/\/sites.ecclesia.pt\/cv\/wp-json\/wp\/v2\/comments?post=27621"}],"version-history":[{"count":1,"href":"https:\/\/sites.ecclesia.pt\/cv\/wp-json\/wp\/v2\/posts\/27621\/revisions"}],"predecessor-version":[{"id":27623,"href":"https:\/\/sites.ecclesia.pt\/cv\/wp-json\/wp\/v2\/posts\/27621\/revisions\/27623"}],"wp:attachment":[{"href":"https:\/\/sites.ecclesia.pt\/cv\/wp-json\/wp\/v2\/media?parent=27621"}],"wp:term":[{"taxonomy":"category","embeddable":true,"href":"https:\/\/sites.ecclesia.pt\/cv\/wp-json\/wp\/v2\/categories?post=27621"},{"taxonomy":"post_tag","embeddable":true,"href":"https:\/\/sites.ecclesia.pt\/cv\/wp-json\/wp\/v2\/tags?post=27621"}],"curies":[{"name":"wp","href":"https:\/\/api.w.org\/{rel}","templated":true}]}}