{"id":27624,"date":"2017-06-29T16:46:43","date_gmt":"2017-06-29T16:46:43","guid":{"rendered":"http:\/\/sites.ecclesia.pt\/cv\/?p=27624"},"modified":"2017-06-29T16:46:43","modified_gmt":"2017-06-29T16:46:43","slug":"canonizacao-de-santa-joana-ja-tem-tribunal-e-postulador","status":"publish","type":"post","link":"https:\/\/sites.ecclesia.pt\/cv\/canonizacao-de-santa-joana-ja-tem-tribunal-e-postulador\/","title":{"rendered":"Canoniza\u00e7\u00e3o de &#8220;santa&#8221; Joana j\u00e1 tem tribunal e postulador"},"content":{"rendered":"<figure id=\"attachment_27625\" aria-describedby=\"caption-attachment-27625\" style=\"width: 3024px\" class=\"wp-caption alignnone\"><a href=\"https:\/\/sites.ecclesia.pt\/cv\/wp-content\/uploads\/2017\/06\/02-ou-03.jpg\"><img loading=\"lazy\" decoding=\"async\" class=\"size-full wp-image-27625\" src=\"https:\/\/sites.ecclesia.pt\/cv\/wp-content\/uploads\/2017\/06\/02-ou-03.jpg\" alt=\"\" width=\"3024\" height=\"2016\" srcset=\"https:\/\/sites.ecclesia.pt\/cv\/wp-content\/uploads\/2017\/06\/02-ou-03.jpg 3024w, https:\/\/sites.ecclesia.pt\/cv\/wp-content\/uploads\/2017\/06\/02-ou-03-300x200.jpg 300w, https:\/\/sites.ecclesia.pt\/cv\/wp-content\/uploads\/2017\/06\/02-ou-03-768x512.jpg 768w, https:\/\/sites.ecclesia.pt\/cv\/wp-content\/uploads\/2017\/06\/02-ou-03-1024x683.jpg 1024w\" sizes=\"auto, (max-width: 3024px) 100vw, 3024px\" \/><\/a><figcaption id=\"caption-attachment-27625\" class=\"wp-caption-text\">Membros do Tribunal (da esquerda): P.e Fausto Oliveira,\u00a0P.e Rocha, D. Ant\u00f3nio Moiteiro, P.e Pinho Fereira, di\u00e1c. Ara\u00fajo, Ledy Vitorino e P.e Pedro Barros<\/figcaption><\/figure>\n<p>&nbsp;<\/p>\n<p><strong>O tribunal tomou posse no domingo, sendo constitu\u00eddo por seis elementos. Mons. Jo\u00e3o Gaspar \u00e9 o postulador da causa de canoniza\u00e7\u00e3o.<\/strong><\/p>\n<p>&nbsp;<\/p>\n<p>Tomou posse no domingo o tribunal do processo de canoniza\u00e7\u00e3o de \u201cSanta\u201d Joana Princesa. O ato decorreu no Dia da Igreja Diocesana \u2013 ou n\u00e3o fosse um acontecimento com implica\u00e7\u00f5es diocesanas e, s\u00f3 Deus sabe, mundiais, pois se o Papa vier a declarar Joana de Portugal santa, o seu culto pode sair da Diocese de Aveiro e da sua fam\u00edlia religiosa (os dominicanos) e estender-se a toda a Igreja Cat\u00f3lica. Na segunda-feira, na rede social twitter, D. Ant\u00f3nio Moiteiro refor\u00e7ou o que h\u00e1 havia afirmado no dia anterior: \u201cPorque acreditamos na santidade da beata Joana de Aveiro, queremos que outros a conhe\u00e7am e caminhem com ela ao encontro de Jesus Cristo\u201d.<br \/>\nO tribunal \u00e9 constitu\u00eddo pelos seguintes elementos: P.e Manuel Joaquim Rocha (delegado episcopal), P.e Pinho Ferreira (delegado episcopal adjunto), P.e Fausto Ara\u00fajo de Oliveira, que \u00e9 p\u00e1roco da Gl\u00f3ria, onde est\u00e1 o t\u00famulo da Beata Joana, princesa (promotor de Justi\u00e7a), di\u00e1cono Manuel Ara\u00fajo da Silva (promotor de Justi\u00e7a), Ledy Pinho Vitorino (not\u00e1ria) e P.e Pedro Barros (not\u00e1rio).<br \/>\nO tribunal, que jurou sobre o livro dos Evangelhos e prometeu guardar segredo do seu trabalho, tem como principal miss\u00e3o recolher testemunhos das virtudes de \u201csanta\u201d Joana e das gra\u00e7as por interm\u00e9dio dela concedidas, entre as quais o necess\u00e1rio milagre para a canoniza\u00e7\u00e3o. No entanto, como esclareceu D. Ant\u00f3nio Moiteiro, ser\u00e1 a Santa S\u00e9, com os seus especialistas, a declarar se determinada cura \u00e9 milagre ou n\u00e3o. O Bispo de Aveiro pediu que todas as gra\u00e7as concedidas sejam comunicadas para a Secretaria Episcopal (Apartado 541 \u2013 3801-901 Aveiro) ou pelo e-mail santajoana@diocese-aveiro.pt.<br \/>\nAntes da tomada de posse propriamente dita, o P.e Nestor Cam\u00f5es Sobral historiou os passos at\u00e9 chegar \u00e0 constitui\u00e7\u00e3o do tribunal, destacando-se a carta que o Bispo de Aveiro escreveu \u00e0 Congrega\u00e7\u00e3o para as Causas dos Santos (Santa S\u00e9) em 13 de mar\u00e7o de 2017 e a resposta do cardeal Amato no dia 23 seguinte. A carta do Bispo de Aveiro referia o \u201cculto imemorial\u201d em Aveiro, a venera\u00e7\u00e3o em diversos pontos de Portugal e do mundo, a declara\u00e7\u00e3o de padroeira de Aveiro por parte de Paulo VI (1965). O cardeal respons\u00e1vel pela Congrega\u00e7\u00e3o para as Causas dos Santos respondeu com a necessidade de se elaborar um processo diocesano de recolha de virtudes e atos heroicos, para o qual foi constitu\u00eddo o tribunal.<br \/>\nPara postulador da causa de canoniza\u00e7\u00e3o foi nomeado o monsenhor Jo\u00e3o Gaspar, at\u00e9 agora vig\u00e1rio-geral da diocese e estudioso da vida de \u201csanta\u201d Joana. D. Ant\u00f3nio Moiteiro referiu no domingo que o monsenhor n\u00e3o poderia fazer parte do tribunal, pois sendo o maior conhecedor da vida de Santa Joana, ter\u00e1 de ser ouvido pelo tribunal como testemunha.<\/p>\n","protected":false},"excerpt":{"rendered":"<p>&nbsp; O tribunal tomou posse no domingo, sendo constitu\u00eddo por seis elementos. Mons. Jo\u00e3o Gaspar \u00e9 o postulador da causa de canoniza\u00e7\u00e3o. &nbsp; Tomou posse no domingo o tribunal do processo de canoniza\u00e7\u00e3o de \u201cSanta\u201d Joana Princesa. O ato decorreu no Dia da Igreja Diocesana \u2013 ou n\u00e3o fosse um acontecimento com implica\u00e7\u00f5es diocesanas e, [&hellip;]<\/p>\n","protected":false},"author":3,"featured_media":0,"comment_status":"closed","ping_status":"closed","sticky":false,"template":"","format":"standard","meta":{"footnotes":""},"categories":[38],"tags":[],"class_list":["post-27624","post","type-post","status-publish","format-standard","hentry","category-destaque"],"_links":{"self":[{"href":"https:\/\/sites.ecclesia.pt\/cv\/wp-json\/wp\/v2\/posts\/27624","targetHints":{"allow":["GET"]}}],"collection":[{"href":"https:\/\/sites.ecclesia.pt\/cv\/wp-json\/wp\/v2\/posts"}],"about":[{"href":"https:\/\/sites.ecclesia.pt\/cv\/wp-json\/wp\/v2\/types\/post"}],"author":[{"embeddable":true,"href":"https:\/\/sites.ecclesia.pt\/cv\/wp-json\/wp\/v2\/users\/3"}],"replies":[{"embeddable":true,"href":"https:\/\/sites.ecclesia.pt\/cv\/wp-json\/wp\/v2\/comments?post=27624"}],"version-history":[{"count":1,"href":"https:\/\/sites.ecclesia.pt\/cv\/wp-json\/wp\/v2\/posts\/27624\/revisions"}],"predecessor-version":[{"id":27626,"href":"https:\/\/sites.ecclesia.pt\/cv\/wp-json\/wp\/v2\/posts\/27624\/revisions\/27626"}],"wp:attachment":[{"href":"https:\/\/sites.ecclesia.pt\/cv\/wp-json\/wp\/v2\/media?parent=27624"}],"wp:term":[{"taxonomy":"category","embeddable":true,"href":"https:\/\/sites.ecclesia.pt\/cv\/wp-json\/wp\/v2\/categories?post=27624"},{"taxonomy":"post_tag","embeddable":true,"href":"https:\/\/sites.ecclesia.pt\/cv\/wp-json\/wp\/v2\/tags?post=27624"}],"curies":[{"name":"wp","href":"https:\/\/api.w.org\/{rel}","templated":true}]}}