{"id":27632,"date":"2017-07-07T08:29:44","date_gmt":"2017-07-07T08:29:44","guid":{"rendered":"http:\/\/sites.ecclesia.pt\/cv\/?p=27632"},"modified":"2017-07-07T08:29:44","modified_gmt":"2017-07-07T08:29:44","slug":"igreja-caridade-um-olhar-a-partir-de-dentro","status":"publish","type":"post","link":"https:\/\/sites.ecclesia.pt\/cv\/igreja-caridade-um-olhar-a-partir-de-dentro\/","title":{"rendered":"Igreja caridade: um olhar a partir de dentro"},"content":{"rendered":"<figure id=\"attachment_26460\" aria-describedby=\"caption-attachment-26460\" style=\"width: 150px\" class=\"wp-caption alignnone\"><a href=\"https:\/\/sites.ecclesia.pt\/cv\/wp-content\/uploads\/2015\/11\/georgino.jpg\"><img loading=\"lazy\" decoding=\"async\" class=\"wp-image-26460\" src=\"https:\/\/sites.ecclesia.pt\/cv\/wp-content\/uploads\/2015\/11\/georgino.jpg\" alt=\"\" width=\"150\" height=\"195\" srcset=\"https:\/\/sites.ecclesia.pt\/cv\/wp-content\/uploads\/2015\/11\/georgino.jpg 400w, https:\/\/sites.ecclesia.pt\/cv\/wp-content\/uploads\/2015\/11\/georgino-231x300.jpg 231w\" sizes=\"auto, (max-width: 150px) 100vw, 150px\" \/><\/a><figcaption id=\"caption-attachment-26460\" class=\"wp-caption-text\">GEORGINO ROCHA<br \/> Padre<\/figcaption><\/figure>\n<p>A Igreja \u00e9 caridade por participa\u00e7\u00e3o. S\u00f3 Deus \u00e9 caridade e vive esta realidade do seu ser na unidade das rela\u00e7\u00f5es entre as tr\u00eas pessoas divinas. S\u00e3o rela\u00e7\u00f5es pautadas pelo amor de doa\u00e7\u00e3o incondicional, aut\u00eantica fonte de vida a transbordar e a comunicar-se. Jesus, o Deus humanado, desvenda \u201ca ponta do v\u00e9u\u201d e abre o acesso a esta fonte insond\u00e1vel. E deixa a Igreja como sinal e instrumento (sacramento) que vive e transmite o que Ele mesmo testemunha: Deus \u00e9 amor de miseric\u00f3rdia compassiva que interv\u00e9m na hist\u00f3ria humana de muitos modos e em todas as \u00e9pocas. Vive e realiza connosco. \u00c9 a caridade em dinamismo de salva\u00e7\u00e3o libertadora.<br \/>\nA Igreja caridade tem aqui a sua matriz e o seu rosto. Ouso fazer-me peregrino no seu interior e real\u00e7ar alguns marcos irradiantes que assinalam o seu caminho atual \u201centre as tribula\u00e7\u00f5es do mundo e as consola\u00e7\u00f5es de Deus\u201d (Santo Agostinho). Outros se poderiam facilmente apontar.<br \/>\nAntes de mais, surgem as formas de relacionamento entre as pessoas, em todos os \u00e2mbitos da organiza\u00e7\u00e3o eclesial, de modo a que a sua institui\u00e7\u00e3o fa\u00e7a brilhar o amor com que Deus nos ama. Incluem-se nesta dimens\u00e3o, pelo seu especial significado, aqueles e aquelas que desempenham uma \u201cfun\u00e7\u00e3o\u201d especial no povo de Deus: bispos, padres, di\u00e1conos, religiosos\/as e leigos\/as, designadamente os que realizam o \u201cminist\u00e9rio conjugal\u201d. \u00c9 um conjunto que faz brilhar a mesma caridade \u00e0 maneira de poliedro, como gosta de dizer o Papa Francisco. \u201cVede como eles se amam\u201d, diziam admirados os que viam o estilo de vida dos crist\u00e3os nas primeiras comunidades.<br \/>\nA realidade atual, iluminada por este foco de luz, evidencia o caminho andado e, ainda mais, o que falta percorrer. \u00c9 \u201ctarefa\u201d mobilizadora de quem sente a urg\u00eancia de fazer brilhar a luz acesa para que todos vejam as boas obras e deem gl\u00f3ria ao Pai do C\u00e9u. \u00c9 proposta e apelo que, ap\u00f3s o Vaticano II, se faz mais interpelante e o Papa Francisco impulsiona pelo estilo de vida, pelas atitudes, pelo magist\u00e9rio e pelas reformas implementadas. E com ele tantos outros, felizmente!<br \/>\nA caridade eclesial vai configurando a sua originalidade conforme as situa\u00e7\u00f5es e o desempenho dos disc\u00edpulos mission\u00e1rios: a social para os que assumem a cidadania respons\u00e1vel e est\u00e3o chamados a intervir de forma positiva para a humaniza\u00e7\u00e3o da sociedade e suas m\u00faltiplas associa\u00e7\u00f5es e institui\u00e7\u00f5es. \u00c9 prop\u00f3sito deste tipo de caridade ajudar a abrir horizontes a todas as realidades temporais: cultura, pol\u00edtica, economia, entre outras. O bem comum e a comunh\u00e3o no bem e na beleza constituem o polo de atra\u00e7\u00e3o desta mobiliza\u00e7\u00e3o geral.<br \/>\nA caridade pol\u00edtica merece destaque especial pela sua rela\u00e7\u00e3o direta com o bem comum e a qualidade \u00e9tica da conviv\u00eancia dos cidad\u00e3os. Ningu\u00e9m pode dispensar-se, como pessoa ou associa\u00e7\u00e3o, ningu\u00e9m pode alhear-se da grande pol\u00edtica. O magist\u00e9rio social da Igreja, passada a fase restauracionista, n\u00e3o cessa de salientar a excel\u00eancia desta pol\u00edtica e de assinalar a urg\u00eancia da civiliza\u00e7\u00e3o do amor, alternativa daquela que nos envolve at\u00e9 \u00e0 medula \u2013 a do consumo sem medida, apenas limitado pelas cautelas de preven\u00e7\u00e3o de grandes males. E, a c\u00e9u descoberto, fica a legi\u00e3o dos esfomeados, desnutridos, descartados. Sem a educa\u00e7\u00e3o pol\u00edtica para o bem comum, prevalece sempre a vis\u00e3o partid\u00e1ria, ideol\u00f3gica, sect\u00e1ria.<br \/>\nA caridade pastoral \u00e9 aquela que d\u00e1 \u00e2nimo prof\u00e9tico ao testemunho do povo de Deus e \u00e0s suas m\u00faltiplas esperan\u00e7as, canseiras e lutas. Recebe um impulso muito grande do estilo de vida dos seus \u201cpastores\u201d ou de quem recebe a miss\u00e3o de o servir em nome de Jesus e por delega\u00e7\u00e3o da Igreja, na pessoa do Bispo diocesano. S\u00e3o notas t\u00edpicas desta caridade: o amor sol\u00edcito e misericordioso, a disponibilidade apost\u00f3lica, a promo\u00e7\u00e3o de iniciativas que ajudem a descobrir o que de melhor existe em cada pessoa e a que ela mesma queira oferecer como dom aos outros, \u00e0 comunidade. At\u00e9 l\u00e1, prevalece o cultivo provis\u00f3rio do assistencialismo.<br \/>\nA caridade de Cristo lan\u00e7a em n\u00f3s impulsos de convers\u00e3o pessoal, de reforma da Igreja, de humaniza\u00e7\u00e3o da sociedade e de cuidado por toda a cria\u00e7\u00e3o e suas criaturas; impulsos do Esp\u00edrito que renova a face da terra.<\/p>\n","protected":false},"excerpt":{"rendered":"<p>A Igreja \u00e9 caridade por participa\u00e7\u00e3o. S\u00f3 Deus \u00e9 caridade e vive esta realidade do seu ser na unidade das rela\u00e7\u00f5es entre as tr\u00eas pessoas divinas. S\u00e3o rela\u00e7\u00f5es pautadas pelo amor de doa\u00e7\u00e3o incondicional, aut\u00eantica fonte de vida a transbordar e a comunicar-se. Jesus, o Deus humanado, desvenda \u201ca ponta do v\u00e9u\u201d e abre o [&hellip;]<\/p>\n","protected":false},"author":3,"featured_media":0,"comment_status":"closed","ping_status":"closed","sticky":false,"template":"","format":"standard","meta":{"footnotes":""},"categories":[62],"tags":[],"class_list":["post-27632","post","type-post","status-publish","format-standard","hentry","category-opiniao"],"_links":{"self":[{"href":"https:\/\/sites.ecclesia.pt\/cv\/wp-json\/wp\/v2\/posts\/27632","targetHints":{"allow":["GET"]}}],"collection":[{"href":"https:\/\/sites.ecclesia.pt\/cv\/wp-json\/wp\/v2\/posts"}],"about":[{"href":"https:\/\/sites.ecclesia.pt\/cv\/wp-json\/wp\/v2\/types\/post"}],"author":[{"embeddable":true,"href":"https:\/\/sites.ecclesia.pt\/cv\/wp-json\/wp\/v2\/users\/3"}],"replies":[{"embeddable":true,"href":"https:\/\/sites.ecclesia.pt\/cv\/wp-json\/wp\/v2\/comments?post=27632"}],"version-history":[{"count":1,"href":"https:\/\/sites.ecclesia.pt\/cv\/wp-json\/wp\/v2\/posts\/27632\/revisions"}],"predecessor-version":[{"id":27633,"href":"https:\/\/sites.ecclesia.pt\/cv\/wp-json\/wp\/v2\/posts\/27632\/revisions\/27633"}],"wp:attachment":[{"href":"https:\/\/sites.ecclesia.pt\/cv\/wp-json\/wp\/v2\/media?parent=27632"}],"wp:term":[{"taxonomy":"category","embeddable":true,"href":"https:\/\/sites.ecclesia.pt\/cv\/wp-json\/wp\/v2\/categories?post=27632"},{"taxonomy":"post_tag","embeddable":true,"href":"https:\/\/sites.ecclesia.pt\/cv\/wp-json\/wp\/v2\/tags?post=27632"}],"curies":[{"name":"wp","href":"https:\/\/api.w.org\/{rel}","templated":true}]}}