{"id":27636,"date":"2017-07-07T08:35:38","date_gmt":"2017-07-07T08:35:38","guid":{"rendered":"http:\/\/sites.ecclesia.pt\/cv\/?p=27636"},"modified":"2017-07-07T08:35:38","modified_gmt":"2017-07-07T08:35:38","slug":"parque-da-ciencia-e-inovacao-pode-acolher-mais-de-200-empresas","status":"publish","type":"post","link":"https:\/\/sites.ecclesia.pt\/cv\/parque-da-ciencia-e-inovacao-pode-acolher-mais-de-200-empresas\/","title":{"rendered":"Parque da Ci\u00eancia e Inova\u00e7\u00e3o pode acolher mais de 200 empresas"},"content":{"rendered":"<p><a href=\"https:\/\/sites.ecclesia.pt\/cv\/wp-content\/uploads\/2017\/07\/PCI-Creative-Science-Park-interior-1.jpg\"><img loading=\"lazy\" decoding=\"async\" class=\"alignnone size-full wp-image-27637\" src=\"https:\/\/sites.ecclesia.pt\/cv\/wp-content\/uploads\/2017\/07\/PCI-Creative-Science-Park-interior-1.jpg\" alt=\"\" width=\"2592\" height=\"1944\" srcset=\"https:\/\/sites.ecclesia.pt\/cv\/wp-content\/uploads\/2017\/07\/PCI-Creative-Science-Park-interior-1.jpg 2592w, https:\/\/sites.ecclesia.pt\/cv\/wp-content\/uploads\/2017\/07\/PCI-Creative-Science-Park-interior-1-300x225.jpg 300w, https:\/\/sites.ecclesia.pt\/cv\/wp-content\/uploads\/2017\/07\/PCI-Creative-Science-Park-interior-1-768x576.jpg 768w, https:\/\/sites.ecclesia.pt\/cv\/wp-content\/uploads\/2017\/07\/PCI-Creative-Science-Park-interior-1-1024x768.jpg 1024w\" sizes=\"auto, (max-width: 2592px) 100vw, 2592px\" \/><\/a><\/p>\n<p><strong>Detido pela Universidade, pelos 11 munic\u00edpios do CIRA e pelo setor privado, <\/strong><br \/>\n<strong>o PCI quer p\u00f4r a investiga\u00e7\u00e3o ao servi\u00e7o das empresas e ter\u00e1 v\u00e1rios espa\u00e7os abertos a todas as pessoas.<\/strong><\/p>\n<p>&nbsp;<\/p>\n<p>O Parque de Ci\u00eancia e Inova\u00e7\u00e3o (PCI), cujas instala\u00e7\u00f5es situadas no concelho de \u00cdlhavo dever\u00e3o entrar em fun\u00e7\u00f5es ainda durante o corrente ano, tem capacidade para acolher mais de duas centenas de projetos empresariais. Apesar da grande procura que o PCI tem tido por parte de potenciais investidores, ele s\u00f3 ser\u00e1 ativado ap\u00f3s a C\u00e2mara Municipal de \u00cdlhavo passar a respetiva licen\u00e7a de utiliza\u00e7\u00e3o.<br \/>\nNeste momento, est\u00e1 em fase terminal a constru\u00e7\u00e3o dos tr\u00eas edif\u00edcios da primeira fase, bem como dos acessos e das infraestruturas de apoio, instala\u00e7\u00f5es que foram alvo de uma visita guiada pelo presidente da Comunidade Intermunicipal da Regi\u00e3o de Aveiro (CIRA), Ribau Esteves, no \u00e2mbito da programa\u00e7\u00e3o do recente Congresso da Regi\u00e3o de Aveiro.<\/p>\n<h5><\/h5>\n<h5>Leia mais na edi\u00e7\u00e3o em papel de 05\/07\/2017<\/h5>\n","protected":false},"excerpt":{"rendered":"<p>Detido pela Universidade, pelos 11 munic\u00edpios do CIRA e pelo setor privado, o PCI quer p\u00f4r a investiga\u00e7\u00e3o ao servi\u00e7o das empresas e ter\u00e1 v\u00e1rios espa\u00e7os abertos a todas as pessoas. &nbsp; O Parque de Ci\u00eancia e Inova\u00e7\u00e3o (PCI), cujas instala\u00e7\u00f5es situadas no concelho de \u00cdlhavo dever\u00e3o entrar em fun\u00e7\u00f5es ainda durante o corrente ano, [&hellip;]<\/p>\n","protected":false},"author":3,"featured_media":0,"comment_status":"closed","ping_status":"closed","sticky":false,"template":"","format":"standard","meta":{"footnotes":""},"categories":[45],"tags":[],"class_list":["post-27636","post","type-post","status-publish","format-standard","hentry","category-regioes"],"_links":{"self":[{"href":"https:\/\/sites.ecclesia.pt\/cv\/wp-json\/wp\/v2\/posts\/27636","targetHints":{"allow":["GET"]}}],"collection":[{"href":"https:\/\/sites.ecclesia.pt\/cv\/wp-json\/wp\/v2\/posts"}],"about":[{"href":"https:\/\/sites.ecclesia.pt\/cv\/wp-json\/wp\/v2\/types\/post"}],"author":[{"embeddable":true,"href":"https:\/\/sites.ecclesia.pt\/cv\/wp-json\/wp\/v2\/users\/3"}],"replies":[{"embeddable":true,"href":"https:\/\/sites.ecclesia.pt\/cv\/wp-json\/wp\/v2\/comments?post=27636"}],"version-history":[{"count":1,"href":"https:\/\/sites.ecclesia.pt\/cv\/wp-json\/wp\/v2\/posts\/27636\/revisions"}],"predecessor-version":[{"id":27638,"href":"https:\/\/sites.ecclesia.pt\/cv\/wp-json\/wp\/v2\/posts\/27636\/revisions\/27638"}],"wp:attachment":[{"href":"https:\/\/sites.ecclesia.pt\/cv\/wp-json\/wp\/v2\/media?parent=27636"}],"wp:term":[{"taxonomy":"category","embeddable":true,"href":"https:\/\/sites.ecclesia.pt\/cv\/wp-json\/wp\/v2\/categories?post=27636"},{"taxonomy":"post_tag","embeddable":true,"href":"https:\/\/sites.ecclesia.pt\/cv\/wp-json\/wp\/v2\/tags?post=27636"}],"curies":[{"name":"wp","href":"https:\/\/api.w.org\/{rel}","templated":true}]}}