{"id":27639,"date":"2017-07-07T08:39:58","date_gmt":"2017-07-07T08:39:58","guid":{"rendered":"http:\/\/sites.ecclesia.pt\/cv\/?p=27639"},"modified":"2017-07-07T08:39:58","modified_gmt":"2017-07-07T08:39:58","slug":"casa-diocesana-gerida-pela-comunidade-sementes-do-verbo","status":"publish","type":"post","link":"https:\/\/sites.ecclesia.pt\/cv\/casa-diocesana-gerida-pela-comunidade-sementes-do-verbo\/","title":{"rendered":"Casa Diocesana gerida pela comunidade Sementes do Verbo"},"content":{"rendered":"<figure id=\"attachment_27640\" aria-describedby=\"caption-attachment-27640\" style=\"width: 3024px\" class=\"wp-caption alignnone\"><a href=\"https:\/\/sites.ecclesia.pt\/cv\/wp-content\/uploads\/2017\/07\/DSCF2570.jpg\"><img loading=\"lazy\" decoding=\"async\" class=\"size-full wp-image-27640\" src=\"https:\/\/sites.ecclesia.pt\/cv\/wp-content\/uploads\/2017\/07\/DSCF2570.jpg\" alt=\"\" width=\"3024\" height=\"2016\" srcset=\"https:\/\/sites.ecclesia.pt\/cv\/wp-content\/uploads\/2017\/07\/DSCF2570.jpg 3024w, https:\/\/sites.ecclesia.pt\/cv\/wp-content\/uploads\/2017\/07\/DSCF2570-300x200.jpg 300w, https:\/\/sites.ecclesia.pt\/cv\/wp-content\/uploads\/2017\/07\/DSCF2570-768x512.jpg 768w, https:\/\/sites.ecclesia.pt\/cv\/wp-content\/uploads\/2017\/07\/DSCF2570-1024x683.jpg 1024w\" sizes=\"auto, (max-width: 3024px) 100vw, 3024px\" \/><\/a><figcaption id=\"caption-attachment-27640\" class=\"wp-caption-text\">Comunidade que j\u00e1 reside<br \/>na Casa Diocesana<\/figcaption><\/figure>\n<p>A comunidade religiosa Sementes do Verbo reside desde a semana passada na Casa Diocesana de Nossa Senhora do Socorro, em Albergaria-a-Velha, com a responsabilidade de gerir e animar a casa de acordo com as fun\u00e7\u00f5es para as quais foi constru\u00edda h\u00e1 mais de 30 anos: acolher encontros para leigos e consagrados e ser espa\u00e7o de cursos de forma\u00e7\u00e3o e de retiros espirituais.<br \/>\nO protocolo que estipula os direitos e obriga\u00e7\u00f5es da comunidade, que para j\u00e1 \u00e9 constitu\u00edda por sete pessoas, foi assinado no dia 29 de junho, no final da celebra\u00e7\u00e3o da Eucaristia, por D. Ant\u00f3nio Moiteiro, Bispo de Aveiro, e pelo fundador da comunidade, o di\u00e1cono permanente Georges Bonneval.<br \/>\nNa homilia da celebra\u00e7\u00e3o, D. Ant\u00f3nio Moiteiro desejou que a nova comunidade sinta a sua presen\u00e7a na Diocese como \u201cuma oportunidade para o Evangelho\u201d e ajude a promover uma \u201ccultura vocacional\u201d, fazendo propostas que \u201clevem \u00e0 comunh\u00e3o de vida com Jesus\u201d. E convidou a comunidade a ir ao encontro dos leigos com \u201cpropostas que ajudem a refletir e assumir o Evangelho\u201d.<br \/>\nNo final do retiro do clero aveirense, que est\u00e1 a decorrer por estes dias na Casa Diocesana, a comunidade ser\u00e1 apresentada aos padres e di\u00e1conos, estando presente o di\u00e1cono fundador.<br \/>\nDesde a inaugura\u00e7\u00e3o, em 1985, a Casa Diocesana foi gerida pelas Religiosas da Divina Provid\u00eancia e da Sagrada Fam\u00edlia (DPSF). No \u00faltimo ano, depois da partida das irm\u00e3s, ficaram respons\u00e1veis pela Casa duas senhoras, sendo uma delas leiga consagrada da Diocese de Guarda, a pedido do Bispo de Aveiro, numa situa\u00e7\u00e3o transit\u00f3ria.<\/p>\n<p><strong>J.P.F.<\/strong><\/p>\n<p>&nbsp;<\/p>\n<p>&nbsp;<\/p>\n<h3>A miss\u00e3o alimenta-se da contempla\u00e7\u00e3o<\/h3>\n<p>&nbsp;<\/p>\n<figure id=\"attachment_27641\" aria-describedby=\"caption-attachment-27641\" style=\"width: 3024px\" class=\"wp-caption alignnone\"><a href=\"https:\/\/sites.ecclesia.pt\/cv\/wp-content\/uploads\/2017\/07\/DSCF2553.jpg\"><img loading=\"lazy\" decoding=\"async\" class=\"size-full wp-image-27641\" src=\"https:\/\/sites.ecclesia.pt\/cv\/wp-content\/uploads\/2017\/07\/DSCF2553.jpg\" alt=\"\" width=\"3024\" height=\"2016\" srcset=\"https:\/\/sites.ecclesia.pt\/cv\/wp-content\/uploads\/2017\/07\/DSCF2553.jpg 3024w, https:\/\/sites.ecclesia.pt\/cv\/wp-content\/uploads\/2017\/07\/DSCF2553-300x200.jpg 300w, https:\/\/sites.ecclesia.pt\/cv\/wp-content\/uploads\/2017\/07\/DSCF2553-768x512.jpg 768w, https:\/\/sites.ecclesia.pt\/cv\/wp-content\/uploads\/2017\/07\/DSCF2553-1024x683.jpg 1024w\" sizes=\"auto, (max-width: 3024px) 100vw, 3024px\" \/><\/a><figcaption id=\"caption-attachment-27641\" class=\"wp-caption-text\">Georges e Maria-Josette Bonneval com o Bispo de Aveiro<\/figcaption><\/figure>\n<p>&nbsp;<\/p>\n<p><strong>CORREIO DO VOUGA &#8211; O di\u00e1cono \u00e9 franc\u00eas, mas a comunidade Sementes do Verbo nasceu no Brasil. Como \u00e9 que aconteceu?<\/strong><br \/>\n<strong>GEORGES BONNEVA<\/strong>L \u2013 Viv\u00edamos em Fran\u00e7a, eu ainda n\u00e3o era di\u00e1cono, s\u00f3 tinha recebido os minist\u00e9rios, e pens\u00e1vamos num modo de sermos mais mission\u00e1rios. Num encontro com o arcebispo de Palmas (Brasil), D. Alberto Taveira Corr\u00eaa, em 2003, ele disse-nos que gostaria de implantar a comunidade na sua diocese, mas a partir do Brasil, inculturados. Envi\u00e1mos uma equipa para l\u00e1 e, passados poucos meses, fui eu e a minha mulher. A primeira comunidade foi fundada em Palmas (estado do Tocantins), em 2004.<\/p>\n<p><strong>A comunidade apresenta-se como \u201ccontemplativa e mission\u00e1ria\u201d. Pode parecer contradit\u00f3rio, porque associamos os contemplativos aos que est\u00e3o fechados num convento\u2026<\/strong><br \/>\nN\u00e3o tem contradi\u00e7\u00e3o. As pessoas gostam de opor, mas as duas dimens\u00f5es completam-se. N\u00e3o podemos fazer nada sem a nossa comunh\u00e3o com Deus. A miss\u00e3o alimenta-se da vida de ora\u00e7\u00e3o e dos sacramentos. Isso \u00e9 o nosso ponto de partida. Podemos dizer que temos quatro pilares: dimens\u00e3o celebrativa e contemplativa, formativa, comunit\u00e1ria e mission\u00e1ria.<\/p>\n<p><strong>A comunidade proporciona um \u201cano sab\u00e1tico\u201d. Em que consiste?<\/strong><br \/>\n\u00c9 um per\u00edodo de nove meses em que os jovens dos 18 aos 25 anos fazem um percurso de forma\u00e7\u00e3o catequ\u00e9tica e espiritual, dedicado a Deus, para discernirem a sua voca\u00e7\u00e3o. Na nossa casa de Vila Ch\u00e3 (concelho do Cartaxo) n\u00e3o temos condi\u00e7\u00f5es para proporcionar o \u201cano sab\u00e1tico\u201d. Penso que vamos oferec\u00ea-lo na Casa Diocesana.<\/p>\n<p><strong>Onde \u00e9 que as comunidades das Sementes do Verbo ent\u00e3o presentes?<\/strong><br \/>\nNo Brasil, temos nove comunidades. Tamb\u00e9m estamos presentes no Canad\u00e1 e na B\u00e9lgica. Em Portugal, a comunidade da Casa Diocesana \u00e9 a segunda, depois da de Vila Ch\u00e3 de Ourique.<\/p>\n","protected":false},"excerpt":{"rendered":"<p>A comunidade religiosa Sementes do Verbo reside desde a semana passada na Casa Diocesana de Nossa Senhora do Socorro, em Albergaria-a-Velha, com a responsabilidade de gerir e animar a casa de acordo com as fun\u00e7\u00f5es para as quais foi constru\u00edda h\u00e1 mais de 30 anos: acolher encontros para leigos e consagrados e ser espa\u00e7o de [&hellip;]<\/p>\n","protected":false},"author":3,"featured_media":0,"comment_status":"closed","ping_status":"closed","sticky":false,"template":"","format":"standard","meta":{"footnotes":""},"categories":[70],"tags":[],"class_list":["post-27639","post","type-post","status-publish","format-standard","hentry","category-diocese"],"_links":{"self":[{"href":"https:\/\/sites.ecclesia.pt\/cv\/wp-json\/wp\/v2\/posts\/27639","targetHints":{"allow":["GET"]}}],"collection":[{"href":"https:\/\/sites.ecclesia.pt\/cv\/wp-json\/wp\/v2\/posts"}],"about":[{"href":"https:\/\/sites.ecclesia.pt\/cv\/wp-json\/wp\/v2\/types\/post"}],"author":[{"embeddable":true,"href":"https:\/\/sites.ecclesia.pt\/cv\/wp-json\/wp\/v2\/users\/3"}],"replies":[{"embeddable":true,"href":"https:\/\/sites.ecclesia.pt\/cv\/wp-json\/wp\/v2\/comments?post=27639"}],"version-history":[{"count":1,"href":"https:\/\/sites.ecclesia.pt\/cv\/wp-json\/wp\/v2\/posts\/27639\/revisions"}],"predecessor-version":[{"id":27642,"href":"https:\/\/sites.ecclesia.pt\/cv\/wp-json\/wp\/v2\/posts\/27639\/revisions\/27642"}],"wp:attachment":[{"href":"https:\/\/sites.ecclesia.pt\/cv\/wp-json\/wp\/v2\/media?parent=27639"}],"wp:term":[{"taxonomy":"category","embeddable":true,"href":"https:\/\/sites.ecclesia.pt\/cv\/wp-json\/wp\/v2\/categories?post=27639"},{"taxonomy":"post_tag","embeddable":true,"href":"https:\/\/sites.ecclesia.pt\/cv\/wp-json\/wp\/v2\/tags?post=27639"}],"curies":[{"name":"wp","href":"https:\/\/api.w.org\/{rel}","templated":true}]}}