{"id":2764,"date":"2010-10-20T10:24:00","date_gmt":"2010-10-20T10:24:00","guid":{"rendered":"http:\/\/localhost:81\/wp1\/?p=2764"},"modified":"2010-10-20T10:24:00","modified_gmt":"2010-10-20T10:24:00","slug":"educacao-ou-deseducacao-sexual","status":"publish","type":"post","link":"https:\/\/sites.ecclesia.pt\/cv\/educacao-ou-deseducacao-sexual\/","title":{"rendered":"Educa\u00e7\u00e3o ou deseduca\u00e7\u00e3o sexual?"},"content":{"rendered":"<p>Olhos na Rua <!--more--> H\u00e1 assuntos que falar neles \u00e9 chover no molhado. No contexto actual \u00e9 assim com o tema da sexualidade. Passou \u00e0s escolas mal tratado por ideologias, enviesado nas orienta\u00e7\u00f5es, entregue a muitos que merecem pouca confian\u00e7a, travestido de opini\u00f5es que viraram dogmas. Claro que, nisto tudo, a Igreja vai sendo adornada com os habituais  mimos de conservadora e retr\u00f3grada. <\/p>\n<p>O jornal \u201cSol\u201d publicou na edi\u00e7\u00e3o de 8 de Outubro um artigo elucidativo da autoria de Jo\u00e3o Ara\u00fajo, professor universit\u00e1rio, que, sob o t\u00edtulo \u201cEduca\u00e7\u00e3o Sexual: 6 mitos e 6 factos\u201d, p\u00f5e a descoberto at\u00e9 onde vai a seriedade de quem vem tratando deste problema. Hoje, que toda a gente mais ilustrada, a come\u00e7ar pelos estudantes, usa a internet, sugiro que se v\u00e1 a\u00ed, se leia e medite e se passe palavra e, depois, se conclua: Educa\u00e7\u00e3o ou deseduca\u00e7\u00e3o sexual?<\/p>\n","protected":false},"excerpt":{"rendered":"<p>Olhos na Rua<\/p>\n","protected":false},"author":1,"featured_media":0,"comment_status":"open","ping_status":"open","sticky":false,"template":"","format":"standard","meta":{"footnotes":""},"categories":[62],"tags":[],"class_list":["post-2764","post","type-post","status-publish","format-standard","hentry","category-opiniao"],"_links":{"self":[{"href":"https:\/\/sites.ecclesia.pt\/cv\/wp-json\/wp\/v2\/posts\/2764","targetHints":{"allow":["GET"]}}],"collection":[{"href":"https:\/\/sites.ecclesia.pt\/cv\/wp-json\/wp\/v2\/posts"}],"about":[{"href":"https:\/\/sites.ecclesia.pt\/cv\/wp-json\/wp\/v2\/types\/post"}],"author":[{"embeddable":true,"href":"https:\/\/sites.ecclesia.pt\/cv\/wp-json\/wp\/v2\/users\/1"}],"replies":[{"embeddable":true,"href":"https:\/\/sites.ecclesia.pt\/cv\/wp-json\/wp\/v2\/comments?post=2764"}],"version-history":[{"count":0,"href":"https:\/\/sites.ecclesia.pt\/cv\/wp-json\/wp\/v2\/posts\/2764\/revisions"}],"wp:attachment":[{"href":"https:\/\/sites.ecclesia.pt\/cv\/wp-json\/wp\/v2\/media?parent=2764"}],"wp:term":[{"taxonomy":"category","embeddable":true,"href":"https:\/\/sites.ecclesia.pt\/cv\/wp-json\/wp\/v2\/categories?post=2764"},{"taxonomy":"post_tag","embeddable":true,"href":"https:\/\/sites.ecclesia.pt\/cv\/wp-json\/wp\/v2\/tags?post=2764"}],"curies":[{"name":"wp","href":"https:\/\/api.w.org\/{rel}","templated":true}]}}