{"id":27643,"date":"2017-07-07T08:41:44","date_gmt":"2017-07-07T08:41:44","guid":{"rendered":"http:\/\/sites.ecclesia.pt\/cv\/?p=27643"},"modified":"2017-07-07T08:41:44","modified_gmt":"2017-07-07T08:41:44","slug":"bodas-de-ouro-sacerdotais-do-padre-antonio-graca-da-cruz","status":"publish","type":"post","link":"https:\/\/sites.ecclesia.pt\/cv\/bodas-de-ouro-sacerdotais-do-padre-antonio-graca-da-cruz\/","title":{"rendered":"Bodas de ouro sacerdotais do padre Ant\u00f3nio Gra\u00e7a da Cruz"},"content":{"rendered":"<figure id=\"attachment_27644\" aria-describedby=\"caption-attachment-27644\" style=\"width: 450px\" class=\"wp-caption alignnone\"><a href=\"https:\/\/sites.ecclesia.pt\/cv\/wp-content\/uploads\/2017\/07\/02-pecruz.jpg\"><img loading=\"lazy\" decoding=\"async\" class=\"wp-image-27644\" src=\"https:\/\/sites.ecclesia.pt\/cv\/wp-content\/uploads\/2017\/07\/02-pecruz.jpg\" alt=\"\" width=\"450\" height=\"632\" srcset=\"https:\/\/sites.ecclesia.pt\/cv\/wp-content\/uploads\/2017\/07\/02-pecruz.jpg 1049w, https:\/\/sites.ecclesia.pt\/cv\/wp-content\/uploads\/2017\/07\/02-pecruz-214x300.jpg 214w, https:\/\/sites.ecclesia.pt\/cv\/wp-content\/uploads\/2017\/07\/02-pecruz-768x1078.jpg 768w, https:\/\/sites.ecclesia.pt\/cv\/wp-content\/uploads\/2017\/07\/02-pecruz-729x1024.jpg 729w\" sizes=\"auto, (max-width: 450px) 100vw, 450px\" \/><\/a><figcaption id=\"caption-attachment-27644\" class=\"wp-caption-text\">P.e Ant\u00f3nio Gra\u00e7a da Cruz<\/figcaption><\/figure>\n<p>O P.e Ant\u00f3nio Gra\u00e7a da Cruz, p\u00e1roco da Murtosa e de Pardelhas, celebra durante o m\u00eas de julho o jubileu dos 50 anos de ordena\u00e7\u00e3o presbiteral. As comemora\u00e7\u00f5es come\u00e7am na sexta-feira, 7 de julho, com a iniciativa \u201cHist\u00f3ria de uma voca\u00e7\u00e3o\u201d, que conta com o testemunho do sacerdote e 3 interven\u00e7\u00f5es musicais do Eccos Ensemble Vocal, da maestrina M\u00f3nica Lacerda Pais e da pianista Francesca Serafini. Acontece \u00e0s 21h30, no Sal\u00e3o Nobre da C\u00e2mara Municipal da Murtosa.<br \/>\nNo dia 14 de julho, \u00e0s 21h30, na Comur (Museu Municipal da Murtosa \u2013 antiga \u201cf\u00e1brica das enguias\u201d), ser\u00e3o projetados excertos o filme \u201cSil\u00eancio\u201d, que ser\u00e3o comentados pelo P.e Jo\u00e3o Cani\u00e7o, jesu\u00edta como os protagonistas do filme e promotor da canoniza\u00e7\u00e3o dos M\u00e1rtires do Jap\u00e3o.<br \/>\nNo dia 21 de julho, o professor (de Educa\u00e7\u00e3o Moral e Religiosa Cat\u00f3lica) e humorista Nuno Cocharro apresenta \u201cDeus \u00e9 humor\u201d \u2013 uma sess\u00e3o principalmente destinada aos jovens, no sal\u00e3o paroquial de Pardelhas, \u00e0s 21h30.<br \/>\nNo dia 28 de julho, na Igreja da Murtosa, realiza-se uma vig\u00edlia de ora\u00e7\u00e3o vocacional. Tem in\u00edcio \u00e0s 21h30.<br \/>\nNo dia 30 de julho, pelas 16h00, concluindo as comemora\u00e7\u00f5es, D. Ant\u00f3nio Moiteiro preside \u00e0 Eucaristia de a\u00e7\u00e3o de gra\u00e7as, pelas 16h, no Parque da Saldida, seguindo-se um lanche-conv\u00edvio aberto a todas as pessoas.<br \/>\nNatural do lugar da freguesia de \u00c1gueda (lugar de Assequins, 29-09-1937), Ant\u00f3nio Gra\u00e7a da Cruz foi ordenado por D. Manuel de Almeida Trindade, na S\u00e9 de Aveiro, no dia 30 de julho de 1967. Com ele foram ordenados o di\u00e1cono Victor Jos\u00e9 M\u00f3nica de Pinho e os padres Augusto Fernandes da Costa e Manuel Jo\u00e3o dos Santos Cartaxo, j\u00e1 falecidos.<br \/>\nComo padre, foi ec\u00f3nomo e professor no Semin\u00e1rio de Aveiro, colaborou em Estarreja e deu aulas de Educa\u00e7\u00e3o Moral e Religiosa Cat\u00f3lica. Foi capel\u00e3o militar na Guin\u00e9-Bissau e em Angola. Foi p\u00e1roco da Borralha, Belazaima do Ch\u00e3o e Agad\u00e3o, em \u00c1gueda, e de Vilarinho do Bairro, Amoreira da G\u00e2ndara e Ancas, em Anadia. Desde 1996 \u00e9 p\u00e1roco de S\u00e3o Louren\u00e7o de Pardelhas. Em 1997 assumiu a paroquialidade de Santa Maria da Murtosa. Esteve tamb\u00e9m com a par\u00f3quia de Santo Ant\u00f3nio do Monte de 2005 a 2008.<\/p>\n","protected":false},"excerpt":{"rendered":"<p>O P.e Ant\u00f3nio Gra\u00e7a da Cruz, p\u00e1roco da Murtosa e de Pardelhas, celebra durante o m\u00eas de julho o jubileu dos 50 anos de ordena\u00e7\u00e3o presbiteral. As comemora\u00e7\u00f5es come\u00e7am na sexta-feira, 7 de julho, com a iniciativa \u201cHist\u00f3ria de uma voca\u00e7\u00e3o\u201d, que conta com o testemunho do sacerdote e 3 interven\u00e7\u00f5es musicais do Eccos Ensemble [&hellip;]<\/p>\n","protected":false},"author":3,"featured_media":0,"comment_status":"closed","ping_status":"closed","sticky":false,"template":"","format":"standard","meta":{"footnotes":""},"categories":[70],"tags":[],"class_list":["post-27643","post","type-post","status-publish","format-standard","hentry","category-diocese"],"_links":{"self":[{"href":"https:\/\/sites.ecclesia.pt\/cv\/wp-json\/wp\/v2\/posts\/27643","targetHints":{"allow":["GET"]}}],"collection":[{"href":"https:\/\/sites.ecclesia.pt\/cv\/wp-json\/wp\/v2\/posts"}],"about":[{"href":"https:\/\/sites.ecclesia.pt\/cv\/wp-json\/wp\/v2\/types\/post"}],"author":[{"embeddable":true,"href":"https:\/\/sites.ecclesia.pt\/cv\/wp-json\/wp\/v2\/users\/3"}],"replies":[{"embeddable":true,"href":"https:\/\/sites.ecclesia.pt\/cv\/wp-json\/wp\/v2\/comments?post=27643"}],"version-history":[{"count":1,"href":"https:\/\/sites.ecclesia.pt\/cv\/wp-json\/wp\/v2\/posts\/27643\/revisions"}],"predecessor-version":[{"id":27645,"href":"https:\/\/sites.ecclesia.pt\/cv\/wp-json\/wp\/v2\/posts\/27643\/revisions\/27645"}],"wp:attachment":[{"href":"https:\/\/sites.ecclesia.pt\/cv\/wp-json\/wp\/v2\/media?parent=27643"}],"wp:term":[{"taxonomy":"category","embeddable":true,"href":"https:\/\/sites.ecclesia.pt\/cv\/wp-json\/wp\/v2\/categories?post=27643"},{"taxonomy":"post_tag","embeddable":true,"href":"https:\/\/sites.ecclesia.pt\/cv\/wp-json\/wp\/v2\/tags?post=27643"}],"curies":[{"name":"wp","href":"https:\/\/api.w.org\/{rel}","templated":true}]}}