{"id":27655,"date":"2017-07-21T15:07:39","date_gmt":"2017-07-21T15:07:39","guid":{"rendered":"http:\/\/sites.ecclesia.pt\/cv\/?p=27655"},"modified":"2017-07-21T15:07:39","modified_gmt":"2017-07-21T15:07:39","slug":"faleceu-gaspar-albino","status":"publish","type":"post","link":"https:\/\/sites.ecclesia.pt\/cv\/faleceu-gaspar-albino\/","title":{"rendered":"Faleceu Gaspar Albino"},"content":{"rendered":"<figure id=\"attachment_27656\" aria-describedby=\"caption-attachment-27656\" style=\"width: 450px\" class=\"wp-caption alignnone\"><a href=\"https:\/\/sites.ecclesia.pt\/cv\/wp-content\/uploads\/2017\/07\/gaspar.jpg\"><img loading=\"lazy\" decoding=\"async\" class=\"size-full wp-image-27656\" src=\"https:\/\/sites.ecclesia.pt\/cv\/wp-content\/uploads\/2017\/07\/gaspar.jpg\" alt=\"\" width=\"450\" height=\"180\" srcset=\"https:\/\/sites.ecclesia.pt\/cv\/wp-content\/uploads\/2017\/07\/gaspar.jpg 450w, https:\/\/sites.ecclesia.pt\/cv\/wp-content\/uploads\/2017\/07\/gaspar-300x120.jpg 300w\" sizes=\"auto, (max-width: 450px) 100vw, 450px\" \/><\/a><figcaption id=\"caption-attachment-27656\" class=\"wp-caption-text\">Gaspar Albino<br \/>(1938-2017)<\/figcaption><\/figure>\n<p>Faleceu no dia 16 de julho, em Coimbra, onde estava hospitalizado, o artista Gaspar Albino, quase a completar 79 anos, pois nasceu a 31 de agosto de 1938, na ent\u00e3o freguesia da Gl\u00f3ria. Era vi\u00favo de Maria Claudette e pai de dois filhos. O seu funeral realiza-se hoje, \u00e0s 12h, na Igreja de Santo Ant\u00f3nio (junto ao parque municipal), seguindo o cortejo f\u00fanebre para o Cemit\u00e9rio Sul.<br \/>\nGaspar Albino fez o Curso Geral de Com\u00e9rcio, na Escola Industrial e Comercial de Aveiro, na d\u00e9cada de 1950, e come\u00e7ou a trabalhar como contabilista em empresas do ramo das pescas, chegando a ter participa\u00e7\u00f5es em v\u00e1rias empresas do setor. Na d\u00e9cada de 1980, vendeu as participa\u00e7\u00f5es e tornou-se empres\u00e1rio gr\u00e1fico.<br \/>\nDurante toda a vida foi um apaixonado pelas artes, n\u00e3o s\u00f3 pelas artes visuais, mas tamb\u00e9m pela escrita, e pessoa de grande interven\u00e7\u00e3o c\u00edvica. Foi vereador da C\u00e2mara Municipal de Aveiro, presidente-fundador do Lions Clube de Aveiro e do Lions Clube de Santa Joana Princesa, presidente dos Bombeiros Novos, s\u00f3cio-fundador do AveiroArte (c\u00edrculo de artistas) e da AMUSA (Associa\u00e7\u00e3o dos Amigos do Museu de Aveiro), entre muitos outros cargos associativos.<br \/>\nComo artista pl\u00e1stico, cultivou v\u00e1rias modalidades, do desenho a carv\u00e3o \u00e0 pintura a \u00f3leo.<\/p>\n<p><strong>Colaborador <\/strong><br \/>\n<strong>do Correio do Vouga<\/strong><br \/>\nDurante v\u00e1rios anos, no in\u00edcio da d\u00e9cada de 1960, Gaspar Albino assumiu a dire\u00e7\u00e3o gr\u00e1fica do \u201cCorreio do Vouga\u201d, contribuindo para que o jornal fosse galardoado com um Primeiro Pr\u00e9mio Nacional em Grafismo, atribu\u00eddo pelo SNI (Secretariado Nacional da Informa\u00e7\u00e3o). Ao longo dos anos, foi colaborador e amigo deste jornal, assumindo cr\u00f3nicas peri\u00f3dicas na d\u00e9cada de 1990 e, mais recentemente, o espa\u00e7o \u201cBolores\u201d, onde relatava as suas mem\u00f3rias do Aveiro antigo. O \u00faltimo dos \u201cBolores\u201d foi publicado neste jornal no dia 31 de maio de 2017.<\/p>\n<p>&nbsp;<\/p>\n<h4>LEGADO ENORME<br \/>\nO seu amor a Aveiro \u00e9 inconfund\u00edvel e fica gravado de forma brilhante em textos e obras de arte. A sua dedica\u00e7\u00e3o \u00e0 causa p\u00fablica \u00e9 not\u00f3ria e apaixonada e consta de tantos servi\u00e7os de responsabilidade assumida. O seu envolvimento crist\u00e3o pelo bem comum e pela liberdade de express\u00e3o, entre outros, leva-o a ser signat\u00e1rio da carta dirigida aos candidatos a deputados nas elei\u00e7\u00f5es de 1961, (ainda estudante universit\u00e1rio) logo a seguir \u00e0 publica\u00e7\u00e3o da enc\u00edclica \u201cMater et Magistra\u201d, de Jo\u00e3o XXIII, a tomar parte na \u201cmanifesta\u00e7\u00e3o dos crist\u00e3os\u201d na cidade em 13 de Julho de 1975 e em tantos outros acontecimentos da Igreja diocesana. O seu gosto\/culto pela arte diversifica-se por v\u00e1rias modalidades e adquire o estatuto de refer\u00eancia e de \u201cponte\u201d entre artistas aveirenses e, a partir de certa altura, com a Comiss\u00e3o Diocesana da Cultura. \u201cO meu desejo ser\u00e1, confessa numa recente entrevista, agora que estou reformado, o de poder continuar a fazer o que mais gosto: escrever, desenhar e pintar de forma consequente. Gostaria que me recordassem como um pintor que entreabriu algumas portas, apesar de n\u00e3o ter tido tempo para as abrir como gostaria\u201d. Belo prop\u00f3sito, que certamente deixa sementes a germinar. O seu legado \u00e9 enorme.<br \/>\n<strong>P.e Georgino Rocha<\/strong>, <em>da Comiss\u00e3o Diocesana de Cultura<\/em><\/h4>\n<h4>\nREFER\u00caNCIA CULTURAL<br \/>\nGaspar Albino foi uma refer\u00eancia cultural da nossa cidade. Artista pl\u00e1stico de excel\u00eancia, ex\u00edmio retratista, homem sempre pronto a colaborar, nunca negando o seu empenho a ningu\u00e9m. A sua morte provocou uma profunda e alargada onda de pesar, j\u00e1 que Gaspar Albino era um aveirense que sempre defendeu a terra que o viu nascer. H\u00e1 cerca de oito anos, tinha partido sua mulher, Claudette, companheira de sempre. Apesar de bastante doente soube resistir, lutando sempre at\u00e9 ao fim. Os quadros que pintou, os seus escritos, a generosidade, solidariedade e amizade ficam para sempre na mem\u00f3ria coletiva de todos n\u00f3s, os amigos, e de Aveiro. Que repouse em paz. AveiroArte &#8211; C\u00edrculo Experimental dos Artistas Pl\u00e1sticos de Aveiro, de que era presidente da assembleia geral e s\u00f3cio fundador, associa-se \u00e0 dor dos seus familiares e amigos.<br \/>\n<strong>Carlos Campos<\/strong>, <em>secret\u00e1rio do AveiroArte<\/em><\/h4>\n","protected":false},"excerpt":{"rendered":"<p>Faleceu no dia 16 de julho, em Coimbra, onde estava hospitalizado, o artista Gaspar Albino, quase a completar 79 anos, pois nasceu a 31 de agosto de 1938, na ent\u00e3o freguesia da Gl\u00f3ria. Era vi\u00favo de Maria Claudette e pai de dois filhos. O seu funeral realiza-se hoje, \u00e0s 12h, na Igreja de Santo Ant\u00f3nio [&hellip;]<\/p>\n","protected":false},"author":3,"featured_media":0,"comment_status":"closed","ping_status":"closed","sticky":false,"template":"","format":"standard","meta":{"footnotes":""},"categories":[38],"tags":[],"class_list":["post-27655","post","type-post","status-publish","format-standard","hentry","category-destaque"],"_links":{"self":[{"href":"https:\/\/sites.ecclesia.pt\/cv\/wp-json\/wp\/v2\/posts\/27655","targetHints":{"allow":["GET"]}}],"collection":[{"href":"https:\/\/sites.ecclesia.pt\/cv\/wp-json\/wp\/v2\/posts"}],"about":[{"href":"https:\/\/sites.ecclesia.pt\/cv\/wp-json\/wp\/v2\/types\/post"}],"author":[{"embeddable":true,"href":"https:\/\/sites.ecclesia.pt\/cv\/wp-json\/wp\/v2\/users\/3"}],"replies":[{"embeddable":true,"href":"https:\/\/sites.ecclesia.pt\/cv\/wp-json\/wp\/v2\/comments?post=27655"}],"version-history":[{"count":1,"href":"https:\/\/sites.ecclesia.pt\/cv\/wp-json\/wp\/v2\/posts\/27655\/revisions"}],"predecessor-version":[{"id":27657,"href":"https:\/\/sites.ecclesia.pt\/cv\/wp-json\/wp\/v2\/posts\/27655\/revisions\/27657"}],"wp:attachment":[{"href":"https:\/\/sites.ecclesia.pt\/cv\/wp-json\/wp\/v2\/media?parent=27655"}],"wp:term":[{"taxonomy":"category","embeddable":true,"href":"https:\/\/sites.ecclesia.pt\/cv\/wp-json\/wp\/v2\/categories?post=27655"},{"taxonomy":"post_tag","embeddable":true,"href":"https:\/\/sites.ecclesia.pt\/cv\/wp-json\/wp\/v2\/tags?post=27655"}],"curies":[{"name":"wp","href":"https:\/\/api.w.org\/{rel}","templated":true}]}}