{"id":27658,"date":"2017-07-21T15:09:31","date_gmt":"2017-07-21T15:09:31","guid":{"rendered":"http:\/\/sites.ecclesia.pt\/cv\/?p=27658"},"modified":"2017-07-21T15:09:31","modified_gmt":"2017-07-21T15:09:31","slug":"aveiro-celebrou-a-festa-da-padroeira-da-gnr","status":"publish","type":"post","link":"https:\/\/sites.ecclesia.pt\/cv\/aveiro-celebrou-a-festa-da-padroeira-da-gnr\/","title":{"rendered":"Aveiro celebrou a festa da padroeira da GNR"},"content":{"rendered":"<figure id=\"attachment_27659\" aria-describedby=\"caption-attachment-27659\" style=\"width: 1215px\" class=\"wp-caption alignnone\"><a href=\"https:\/\/sites.ecclesia.pt\/cv\/wp-content\/uploads\/2017\/07\/caro-andor.jpg\"><img loading=\"lazy\" decoding=\"async\" class=\"size-full wp-image-27659\" src=\"https:\/\/sites.ecclesia.pt\/cv\/wp-content\/uploads\/2017\/07\/caro-andor.jpg\" alt=\"\" width=\"1215\" height=\"911\" srcset=\"https:\/\/sites.ecclesia.pt\/cv\/wp-content\/uploads\/2017\/07\/caro-andor.jpg 1215w, https:\/\/sites.ecclesia.pt\/cv\/wp-content\/uploads\/2017\/07\/caro-andor-300x225.jpg 300w, https:\/\/sites.ecclesia.pt\/cv\/wp-content\/uploads\/2017\/07\/caro-andor-768x576.jpg 768w, https:\/\/sites.ecclesia.pt\/cv\/wp-content\/uploads\/2017\/07\/caro-andor-1024x768.jpg 1024w\" sizes=\"auto, (max-width: 1215px) 100vw, 1215px\" \/><\/a><figcaption id=\"caption-attachment-27659\" class=\"wp-caption-text\">Andor levado por guardas da GNR<\/figcaption><\/figure>\n<p>Muitos foram os crist\u00e3os que, no passado s\u00e1bado dia 15 de julho, participaram na Festa em Honra da Nossa Senhora do Carmo, organizada pela Confraria de Nossa Senhora e pela Guarda Nacional Republicana do Comando Territorial de Aveiro. Para al\u00e9m dos fi\u00e9is, muitos elementos das for\u00e7as civis estiveram presentes, desde logo o presidente da C\u00e2mara Municipal, Ribau Esteves, o presidente da Junta da Uni\u00e3o de Freguesias Gl\u00f3ria e Vera Cruz, Fernando Marques, al\u00e9m de um vasto grupo de elementos do corpo da GNR.<br \/>\nA homenagem a Nossa Senhora iniciou-se com a celebra\u00e7\u00e3o da Eucaristia pelas 16h00 na Igreja do Carmo, presidida por D. Ant\u00f3nio Moiteiro e concelebrada pelos padres Pedro Ferreira (provincial da Ordem do Carmo), capel\u00e3o padre Arm\u00e9nio Gaspar de Almeida (Tenente Coronel), bem como o atual e o anterior Vig\u00e1rio Geral e demais sacerdotes da Ordem do Carmo de Aveiro.<br \/>\nA Consagra\u00e7\u00e3o a Nossa Senhora do Carmo, enquanto padroeira da GNR, foi recitada pelo Comandante Nelson Couto (Coronel), em nome dos militares e civis do Comando Territorial de Aveiro. O hino e a consagra\u00e7\u00e3o a Nossa Senhora do Carmo fecharam esta fervorosa e sentida homenagem \u00e0 Virgem.<br \/>\nEsta ocasi\u00e3o serviu igualmente para formalizar a entrada de mais tr\u00eas membros na Confraria da Nossa Senhora do Carmo: o capel\u00e3o padre Arm\u00e9nio Gaspar de Almeida, o comandante Nelson Couto, do Comando Territorial de Aveiro, e o comandante Paulo Crasto, do Comando Territorial de Faro. Seguiu-se a prociss\u00e3o por algumas ruas de Aveiro.<\/p>\n","protected":false},"excerpt":{"rendered":"<p>Muitos foram os crist\u00e3os que, no passado s\u00e1bado dia 15 de julho, participaram na Festa em Honra da Nossa Senhora do Carmo, organizada pela Confraria de Nossa Senhora e pela Guarda Nacional Republicana do Comando Territorial de Aveiro. Para al\u00e9m dos fi\u00e9is, muitos elementos das for\u00e7as civis estiveram presentes, desde logo o presidente da C\u00e2mara [&hellip;]<\/p>\n","protected":false},"author":3,"featured_media":0,"comment_status":"closed","ping_status":"closed","sticky":false,"template":"","format":"standard","meta":{"footnotes":""},"categories":[70],"tags":[],"class_list":["post-27658","post","type-post","status-publish","format-standard","hentry","category-diocese"],"_links":{"self":[{"href":"https:\/\/sites.ecclesia.pt\/cv\/wp-json\/wp\/v2\/posts\/27658","targetHints":{"allow":["GET"]}}],"collection":[{"href":"https:\/\/sites.ecclesia.pt\/cv\/wp-json\/wp\/v2\/posts"}],"about":[{"href":"https:\/\/sites.ecclesia.pt\/cv\/wp-json\/wp\/v2\/types\/post"}],"author":[{"embeddable":true,"href":"https:\/\/sites.ecclesia.pt\/cv\/wp-json\/wp\/v2\/users\/3"}],"replies":[{"embeddable":true,"href":"https:\/\/sites.ecclesia.pt\/cv\/wp-json\/wp\/v2\/comments?post=27658"}],"version-history":[{"count":1,"href":"https:\/\/sites.ecclesia.pt\/cv\/wp-json\/wp\/v2\/posts\/27658\/revisions"}],"predecessor-version":[{"id":27660,"href":"https:\/\/sites.ecclesia.pt\/cv\/wp-json\/wp\/v2\/posts\/27658\/revisions\/27660"}],"wp:attachment":[{"href":"https:\/\/sites.ecclesia.pt\/cv\/wp-json\/wp\/v2\/media?parent=27658"}],"wp:term":[{"taxonomy":"category","embeddable":true,"href":"https:\/\/sites.ecclesia.pt\/cv\/wp-json\/wp\/v2\/categories?post=27658"},{"taxonomy":"post_tag","embeddable":true,"href":"https:\/\/sites.ecclesia.pt\/cv\/wp-json\/wp\/v2\/tags?post=27658"}],"curies":[{"name":"wp","href":"https:\/\/api.w.org\/{rel}","templated":true}]}}