{"id":2766,"date":"2010-10-27T09:27:00","date_gmt":"2010-10-27T09:27:00","guid":{"rendered":"http:\/\/localhost:81\/wp1\/?p=2766"},"modified":"2010-10-27T09:27:00","modified_gmt":"2010-10-27T09:27:00","slug":"testemunho-credivel-do-renovamento-carismatico-alicerca-se-na-oracao","status":"publish","type":"post","link":"https:\/\/sites.ecclesia.pt\/cv\/testemunho-credivel-do-renovamento-carismatico-alicerca-se-na-oracao\/","title":{"rendered":"Testemunho cred\u00edvel do Renovamento Carism\u00e1tico alicer\u00e7a-se na ora\u00e7\u00e3o"},"content":{"rendered":"<p>Partilha <!--more--> Realizou-se no dia 17 de Outubro, no sal\u00e3o de D. Jo\u00e3o Evangelista de Lima Vidal, a XIII Assembleia Diocesana do Renovamento Carism\u00e1tico Cat\u00f3lico de Aveiro. Tivemos a presen\u00e7a do nosso Bispo, D. Ant\u00f3nio Francisco, do assistente diocesano, P.e Jo\u00e3o Gon\u00e7alves, e da Comunidade Can\u00e7\u00e3o Nova.<\/p>\n<p>Estivemos reunidos para, uns com os outros, celebrarmos a nossa f\u00e9 a partir da Eucaristia. Foi um dia de muita alegria, ora\u00e7\u00e3o, adora\u00e7\u00e3o e medita\u00e7\u00e3o.<\/p>\n<p>Da homilia proferida pelo nosso Bispo saliento algumas palavras: \u201cTemos, hoje, mais raz\u00f5es para a nossa ora\u00e7\u00e3o e maior sentido para a nossa miss\u00e3o. A Eucaristia \u00e9 sempre a ora\u00e7\u00e3o maior da Igreja, uma Igreja orante que assim se faz lugar de esperan\u00e7a para o mundo, como nos propomos no Plano Diocesano de Pastoral nesta terceira etapa do nosso percurso pastoral, a caminho do Jubileu da restaura\u00e7\u00e3o da Diocese. Meditando nas palavras do Evangelho, a forma como Jesus surpreende os seus disc\u00edpulos com a par\u00e1bola, da mulher simples que clama justi\u00e7a, insistentemente, convicta de que lhe assiste a raz\u00e3o para a sua s\u00faplica, mesmo que o juiz lhe pare\u00e7a indiferente \u00e0 sua prece, vem sublinhar a necessidade de orar sempre sem desanimar. Deus n\u00e3o est\u00e1 ausente nem fica indiferente diante do sofrimento do seu povo. A descoberta e a consci\u00eancia desta presen\u00e7a atenta de Deus s\u00f3 \u00e9 poss\u00edvel atrav\u00e9s da ora\u00e7\u00e3o. Pela ora\u00e7\u00e3o sabemos que Deus est\u00e1 connosco\u201d.<\/p>\n<p>Escut\u00e1mos com aten\u00e7\u00e3o as palavras do nosso Bispo, que tamb\u00e9m nos disse que s\u00f3 a partir do encontro com o Amor de Deus, que muda a exist\u00eancia, podemos viver em comunh\u00e3o com Ele e entre n\u00f3s e oferecer aos irm\u00e3os um testemunho cred\u00edvel, explicando a raz\u00e3o da nossa esperan\u00e7a.<\/p>\n<p>A presen\u00e7a de tantos irm\u00e3os que escutaram estas palavras e a for\u00e7a do Esp\u00edrito Santo a agir em n\u00f3s impelem-nos a cumprir a miss\u00e3o para qual fomos chamados.<\/p>\n<p>Renovamento Carism\u00e1tico Cat\u00f3lico de Aveiro agradece a presen\u00e7a e o testemunho da Comunidade Can\u00e7\u00e3o Nova e a m\u00fasica do grupo AdoramusTe.<\/p>\n<p>Concei\u00e7\u00e3o Quina, <\/p>\n<p>coordenadora Renovamento Carism\u00e1tico Cat\u00f3lico de Aveiro<\/p>\n","protected":false},"excerpt":{"rendered":"<p>Partilha<\/p>\n","protected":false},"author":1,"featured_media":0,"comment_status":"open","ping_status":"open","sticky":false,"template":"","format":"standard","meta":{"footnotes":""},"categories":[48],"tags":[],"class_list":["post-2766","post","type-post","status-publish","format-standard","hentry","category-espaco-comum"],"_links":{"self":[{"href":"https:\/\/sites.ecclesia.pt\/cv\/wp-json\/wp\/v2\/posts\/2766","targetHints":{"allow":["GET"]}}],"collection":[{"href":"https:\/\/sites.ecclesia.pt\/cv\/wp-json\/wp\/v2\/posts"}],"about":[{"href":"https:\/\/sites.ecclesia.pt\/cv\/wp-json\/wp\/v2\/types\/post"}],"author":[{"embeddable":true,"href":"https:\/\/sites.ecclesia.pt\/cv\/wp-json\/wp\/v2\/users\/1"}],"replies":[{"embeddable":true,"href":"https:\/\/sites.ecclesia.pt\/cv\/wp-json\/wp\/v2\/comments?post=2766"}],"version-history":[{"count":0,"href":"https:\/\/sites.ecclesia.pt\/cv\/wp-json\/wp\/v2\/posts\/2766\/revisions"}],"wp:attachment":[{"href":"https:\/\/sites.ecclesia.pt\/cv\/wp-json\/wp\/v2\/media?parent=2766"}],"wp:term":[{"taxonomy":"category","embeddable":true,"href":"https:\/\/sites.ecclesia.pt\/cv\/wp-json\/wp\/v2\/categories?post=2766"},{"taxonomy":"post_tag","embeddable":true,"href":"https:\/\/sites.ecclesia.pt\/cv\/wp-json\/wp\/v2\/tags?post=2766"}],"curies":[{"name":"wp","href":"https:\/\/api.w.org\/{rel}","templated":true}]}}