{"id":27661,"date":"2017-07-21T15:10:21","date_gmt":"2017-07-21T15:10:21","guid":{"rendered":"http:\/\/sites.ecclesia.pt\/cv\/?p=27661"},"modified":"2017-07-21T15:10:21","modified_gmt":"2017-07-21T15:10:21","slug":"reclusos-em-fatima-viver-a-esperanca","status":"publish","type":"post","link":"https:\/\/sites.ecclesia.pt\/cv\/reclusos-em-fatima-viver-a-esperanca\/","title":{"rendered":"Reclusos em F\u00e1tima &#8211; Viver a esperan\u00e7a!"},"content":{"rendered":"<p>O Papa Francisco veio a F\u00e1tima, em maio \u00faltimo, com o tema mobilizador: \u201cCom Maria, Peregrinos na Esperan\u00e7a e na Paz\u201d. A Pastoral Penitenci\u00e1ria de Portugal levou a F\u00e1tima no domingo, dia 16, pessoas ligadas ao sistema penitenci\u00e1rio, naturalmente centrada nas pessoas em priva\u00e7\u00e3o de liberdade, e com o mesmo tema escolhido pelo Santo Padre.<br \/>\nA peregrina\u00e7\u00e3o n\u00e3o \u00e9 uma boa caminhada, nem um passeio para manter o equil\u00edbrio f\u00edsico, ou para apreciar paisagens\u2026 \u00c9 bem mais do que isso!<br \/>\nTemos consci\u00eancia de que a nossa vida \u00e9 uma caminhada permanente, com um convite a nunca parar, a nunca desistir. Ningu\u00e9m \u00e9 da terra onde habita: os nossos horizontes atiram-nos para bem mais Longe, para bem mais Alto. Somos, realmente, peregrinos, em caminhos nunca totalmente percorridos, e muitas vezes cheios de surpresas\u2026 nem sempre as mais agrad\u00e1veis! Que o digam as pessoas que experimentam a priva\u00e7\u00e3o de liberdade\u2026<br \/>\nGosto de dizer que peregrinar \u00e9 um \u201cestado\u201d: n\u00e3o somos sedentarizados, quietos, parados, \u00e0 espera do que aconte\u00e7a, mais ou menos ao sabor do acaso. Os nossos p\u00e9s n\u00e3o t\u00eam ra\u00edzes para nos fixarem \u00e0 terra; e a nossa posi\u00e7\u00e3o mais normal \u00e9 de nos apresentarmos de p\u00e9, bem levantados, e de olhar para a frente, tentando olhar, sonhar e atingir futuros!<br \/>\nTemos o direito de sonhar, de recriar o tempo, de alimentar esperan\u00e7as. E disso ningu\u00e9m nos pode impedir: nem as grades mais fortes, nem qualquer tipo de priva\u00e7\u00e3o de liberdade, nem qualquer amea\u00e7a, porque ningu\u00e9m pode nem tem o direito de calar a voz silenciosa e profunda da consci\u00eancia, que nos leva a subir degraus, a dar elegantes saltos de verdadeiros trapezistas, ultrapassando muralhas, aproximando o ideal da realidade, onde queremos e temos direito de estar. O nosso estado normal de viver \u00e9 em liberdade!<br \/>\nPor isso fomos a F\u00e1tima. Porque F\u00e1tima \u00e9 lugar de chegada de muitas dores, sofrimentos e ang\u00fastias! Quantas interroga\u00e7\u00f5es, medos e desesperos nos levam at\u00e9 \u00e0 Cova da Iria\u2026 e quanta Paz levamos de regresso a nossas casas, com um al\u00edvio e uma alegria que n\u00e3o se podem descrever!<br \/>\nPorque \u201cTEMOS M\u00c3E!\u201d. Ali a encontramos melhor, de um modo t\u00e3o pr\u00f3ximo, que s\u00f3 o sil\u00eancio o pode dizer, e com que for\u00e7a o faz! N\u00e3o temos vergonha de deixar que vejam a nossa l\u00e1grima correr pelo rosto; nem que nos julguem por pormos os joelhas em terra: estamos com a M\u00c3E, e essa \u00e9 a nossa grande riqueza!<br \/>\nFomos a F\u00e1tima com pessoas presas, privadas de liberdade, outras acabadas de sair da pris\u00e3o, para alimentar em todas elas a ESPERAN\u00c7A, que as leve, a todos n\u00f3s, a viver em estado de ESPERAN\u00c7A; s\u00f3 ela pode alimentar a vida sofredora, e cheia de interroga\u00e7\u00f5es, que est\u00e3o em todos os cantos, os mais \u00edntimos, da vida de uma pessoa em reclus\u00e3o. S\u00f3 em esperan\u00e7a, e em permanente estado de peregrinos, poderemos olhar e sonhar futuros de realidade e de possibilidade de verdadeira inser\u00e7\u00e3o e de paz\u2026<br \/>\nTEMOS M\u00c3E! Com Maria, Peregrinos na Esperan\u00e7a!<br \/>\nEsta foi a convic\u00e7\u00e3o que lev\u00e1mos, e que trouxemos de volta, ainda mais refor\u00e7ada.<\/p>\n<p><strong>P.e Jo\u00e3o Gon\u00e7alves<\/strong><br \/>\n<em>Coordenador nacional da Pastoral Penitenci\u00e1ria<\/em><\/p>\n","protected":false},"excerpt":{"rendered":"<p>O Papa Francisco veio a F\u00e1tima, em maio \u00faltimo, com o tema mobilizador: \u201cCom Maria, Peregrinos na Esperan\u00e7a e na Paz\u201d. A Pastoral Penitenci\u00e1ria de Portugal levou a F\u00e1tima no domingo, dia 16, pessoas ligadas ao sistema penitenci\u00e1rio, naturalmente centrada nas pessoas em priva\u00e7\u00e3o de liberdade, e com o mesmo tema escolhido pelo Santo Padre. [&hellip;]<\/p>\n","protected":false},"author":3,"featured_media":0,"comment_status":"closed","ping_status":"closed","sticky":false,"template":"","format":"standard","meta":{"footnotes":""},"categories":[44],"tags":[],"class_list":["post-27661","post","type-post","status-publish","format-standard","hentry","category-igreja"],"_links":{"self":[{"href":"https:\/\/sites.ecclesia.pt\/cv\/wp-json\/wp\/v2\/posts\/27661","targetHints":{"allow":["GET"]}}],"collection":[{"href":"https:\/\/sites.ecclesia.pt\/cv\/wp-json\/wp\/v2\/posts"}],"about":[{"href":"https:\/\/sites.ecclesia.pt\/cv\/wp-json\/wp\/v2\/types\/post"}],"author":[{"embeddable":true,"href":"https:\/\/sites.ecclesia.pt\/cv\/wp-json\/wp\/v2\/users\/3"}],"replies":[{"embeddable":true,"href":"https:\/\/sites.ecclesia.pt\/cv\/wp-json\/wp\/v2\/comments?post=27661"}],"version-history":[{"count":1,"href":"https:\/\/sites.ecclesia.pt\/cv\/wp-json\/wp\/v2\/posts\/27661\/revisions"}],"predecessor-version":[{"id":27662,"href":"https:\/\/sites.ecclesia.pt\/cv\/wp-json\/wp\/v2\/posts\/27661\/revisions\/27662"}],"wp:attachment":[{"href":"https:\/\/sites.ecclesia.pt\/cv\/wp-json\/wp\/v2\/media?parent=27661"}],"wp:term":[{"taxonomy":"category","embeddable":true,"href":"https:\/\/sites.ecclesia.pt\/cv\/wp-json\/wp\/v2\/categories?post=27661"},{"taxonomy":"post_tag","embeddable":true,"href":"https:\/\/sites.ecclesia.pt\/cv\/wp-json\/wp\/v2\/tags?post=27661"}],"curies":[{"name":"wp","href":"https:\/\/api.w.org\/{rel}","templated":true}]}}