{"id":27666,"date":"2017-07-21T15:38:32","date_gmt":"2017-07-21T15:38:32","guid":{"rendered":"http:\/\/sites.ecclesia.pt\/cv\/?p=27666"},"modified":"2017-07-21T15:39:35","modified_gmt":"2017-07-21T15:39:35","slug":"caritas-diocesana-de-aveiro-entregou-casa-em-vila-nova-de-monsarros","status":"publish","type":"post","link":"https:\/\/sites.ecclesia.pt\/cv\/caritas-diocesana-de-aveiro-entregou-casa-em-vila-nova-de-monsarros\/","title":{"rendered":"C\u00e1ritas Diocesana de Aveiro entregou casa em Vila Nova de Monsarros"},"content":{"rendered":"<figure id=\"attachment_27667\" aria-describedby=\"caption-attachment-27667\" style=\"width: 2592px\" class=\"wp-caption alignnone\"><a href=\"https:\/\/sites.ecclesia.pt\/cv\/wp-content\/uploads\/2017\/07\/02-1-Casa.jpg\"><img loading=\"lazy\" decoding=\"async\" class=\"size-full wp-image-27667\" src=\"https:\/\/sites.ecclesia.pt\/cv\/wp-content\/uploads\/2017\/07\/02-1-Casa.jpg\" alt=\"\" width=\"2592\" height=\"1944\" srcset=\"https:\/\/sites.ecclesia.pt\/cv\/wp-content\/uploads\/2017\/07\/02-1-Casa.jpg 2592w, https:\/\/sites.ecclesia.pt\/cv\/wp-content\/uploads\/2017\/07\/02-1-Casa-300x225.jpg 300w, https:\/\/sites.ecclesia.pt\/cv\/wp-content\/uploads\/2017\/07\/02-1-Casa-768x576.jpg 768w, https:\/\/sites.ecclesia.pt\/cv\/wp-content\/uploads\/2017\/07\/02-1-Casa-1024x768.jpg 1024w\" sizes=\"auto, (max-width: 2592px) 100vw, 2592px\" \/><\/a><figcaption id=\"caption-attachment-27667\" class=\"wp-caption-text\">A casa foi constru\u00edda entro dos prazos e valores contratados<\/figcaption><\/figure>\n<p><strong>H\u00e1 um ano, o fogo destruiu a habita\u00e7\u00e3o de uma fam\u00edlia de tr\u00eas pessoas. <\/strong><br \/>\n<strong>Na sexta-feira, a casa nova foi oficialmente entregue.<\/strong><\/p>\n<p>&nbsp;<\/p>\n<p>Na orla florestal da zona serrana de Vila Nova de Monsarros, por iniciativa da C\u00e1ritas Diocesana de Aveiro, a fam\u00edlia de D.\u00aa Rosa foi contemplada com uma nova moradia que substituiu a sua anterior habita\u00e7\u00e3o, destru\u00edda durante o inc\u00eandio florestal que ver\u00e3o passado devastou parte significativa da floresta do concelho de Anadia.<br \/>\nA entrega oficial dessa nova habita\u00e7\u00e3o teve lugar na pr\u00f3pria casa, na passada sexta-feira, evento que contou com as presen\u00e7as do secret\u00e1rio de Estado da Administra\u00e7\u00e3o Interna, Jorge Gomes, da presidente da C\u00e2mara Municipal de Anadia, Teresa Cardoso, do Bispo da Diocese de Aveiro, D. Ant\u00f3nio Monteiro, e dos presidentes da C\u00e1ritas Portuguesa e da C\u00e1ritas Diocesana de Aveiro, Eug\u00e9nio Fonseca e Jos\u00e9 Alves, respetivamente.<br \/>\nAp\u00f3s D. Ant\u00f3nio Moiteiro ter benzido a casa, a cerim\u00f3nia prosseguiu com o di\u00e1cono Jos\u00e9 Alves a explicar com os factos que motivaram a entrega desta nova habita\u00e7\u00e3o, lembrando que a casa ent\u00e3o habitada pela fam\u00edlia de D.\u00aa Rosa \u201cficou bastante danificada pelo fogo\u201d, pelo que a \u201cC\u00e2mara Municipal de Anadia e a C\u00e1ritas Diocesana, atrav\u00e9s da campanha de ajuda \u00e0s v\u00edtimas dos inc\u00eandios, decidiram que se constru\u00edsse uma casa nova, de raiz, puxada aqui para o alinhamento da rua, uma vez que a outra casa n\u00e3o estava legal e ficava l\u00e1 em cima na encosta. Decidiu-se fazer uma casa com as condi\u00e7\u00f5es de dignidade para esta fam\u00edlia, uma fam\u00edlia carenciada\u201d.<br \/>\nO respons\u00e1vel pela C\u00e1ritas aveirense real\u00e7ou que \u201ca casa foi constru\u00edda dentro dos prazos que foram contratados\u201d, e que \u201cos valores contratados foram os valores realmente pagos\u201d. De seguida, enalteceu a \u201cparceria que houve entre a C\u00e2mara Municipal de Anadia e a C\u00e1ritas\u201d, a qual \u201cfoi fundamental para que esta obra fosse constru\u00edda\u201d.<br \/>\nPor sua vez, a presidente do executivo municipal anadiense agradeceu \u201c\u00e0 C\u00e1ritas por esta parceria que tem acontecido noutras ocasi\u00f5es e, nesta em particular, ter conseguido juntar esfor\u00e7os para construir esta habita\u00e7\u00e3o e devolver a esta fam\u00edlia as melhores condi\u00e7\u00f5es de habitabilidade e de dignidade\u201d. Teresa Cardoso reafirmou que a autarquia \u201cest\u00e1 sempre de portas abertas\u201d para acolher iniciativas da C\u00e1ritas que visem melhorar as condi\u00e7\u00f5es das pessoas v\u00edtimas dos inc\u00eandios ou de outras situa\u00e7\u00f5es.<br \/>\nA autarca agradeceu a presen\u00e7a do secret\u00e1rio de Estado da Administra\u00e7\u00e3o Interna, recordando que tanto o governante como a ministra da Administra\u00e7\u00e3o Interna \u201cacompanharam de perto e nos deram todo o apoio quando do grande inc\u00eandio do ano passado que devastou a nossa floresta\u201d, fogo que apesar de n\u00e3o ter causado v\u00edtimas humanas, \u201cmudou por completo a nossa floresta\u201d, e ajudou tamb\u00e9m a sensibilizar a popula\u00e7\u00e3o anadiense para a quest\u00e3o da floresta.<\/p>\n<p>&nbsp;<\/p>\n<p><strong>\u201cC\u00e1ritas \u00e9 uma organiza\u00e7\u00e3o da nossa inteira confian\u00e7a\u201d<\/strong><br \/>\nO governante come\u00e7ou por agradecer o apoio prestado pela C\u00e1ritas Portuguesa e pela C\u00e1ritas Diocesana de Aveiro \u201cpela forma como trabalh\u00e1mos em conjunto\u201d, dizendo que o Minist\u00e9rio da Administra\u00e7\u00e3o Interna escolheu a C\u00e1ritas para parceiro no trabalho de ajuda \u00e0s v\u00edtimas dos inc\u00eandios do ano passado, indicando a C\u00e1ritas como entidade a quem deveriam ser entregues os donativos doados por empresas. E isso porque, como afirmou, a C\u00e1ritas Portuguesa \u201c\u00e9 uma organiza\u00e7\u00e3o da nossa inteira confian\u00e7a, e em quem n\u00f3s depositamos toda a nossa confian\u00e7a para estes apoios\u201d.<br \/>\nJorge Gomes lembrou que essa parceria com a C\u00e1ritas Portuguesa permitiu a constru\u00e7\u00e3o desta e de outras casas, e o apoio a empresas cujas instala\u00e7\u00f5es tamb\u00e9m tinham sido afetadas pelos inc\u00eandios, dizendo ainda que \u201cdemos muita comida para os animais que ficaram sem pasto\u201d.<br \/>\nDepois dizer que esteve no local, no ano passado, precisamente no pior per\u00edodo do inc\u00eandio, elogiou o trabalho da autarca anadiense, bem como o \u201ctrabalho de tanta gente que permitiu deixar a D.\u00aa Rosa e a sua fam\u00edlia bem instalada\u201d, pelo que esta cerim\u00f3nia serviu para celebrar a resposta que a sociedade d\u00e1, a resposta que os cidad\u00e3os d\u00e3o de solidariedade para com as outras pessoas. \u201cIsto \u00e9 que \u00e9 o grande valor que n\u00f3s temos e que o pa\u00eds tem, e temos tamb\u00e9m, n\u00e3o me canso de afirmar, uma C\u00e1ritas que tem sido incans\u00e1vel no trabalho que tem feito por este pa\u00eds. \u00c9 uma d\u00edvida de gratid\u00e3o que todos n\u00f3s temos para com a C\u00e1ritas\u201d, afimou Jorge Gomes.<br \/>\n<strong>Cardoso Ferreira<\/strong><\/p>\n<p>&nbsp;<\/p>\n<p>&nbsp;<\/p>\n<h4>S\u00f3 duas par\u00f3quias deram quase 7000 euros para as v\u00edtimas dos inc\u00eandios deste ver\u00e3o<\/h4>\n<p>Ainda n\u00e3o dispomos de dados sobre o montante dos pedit\u00f3rios realizados nas missas do primeiro fim de semana de julho, em Aveiro como em todas as dioceses de Portugal, para ajudar as v\u00edtimas dos inc\u00eandios, mas alguns dados dizem que as pessoas foram muito generosas. Na par\u00f3quia da Gl\u00f3ria, Aveiro, os pedit\u00f3rios contabilizaram 4256 euros. O n\u00famero apareceu \u201ccom agrado\u201d na folha paroquial \u201cDi\u00e1logo\u201d. Na Gafanha da Nazar\u00e9, o p\u00e1roco agradeceu no final das missas do \u00faltimo domingo a generosidade dos seus paroquianos. Contribu\u00edram com 2465 euros.<\/p>\n","protected":false},"excerpt":{"rendered":"<p>H\u00e1 um ano, o fogo destruiu a habita\u00e7\u00e3o de uma fam\u00edlia de tr\u00eas pessoas. Na sexta-feira, a casa nova foi oficialmente entregue. &nbsp; Na orla florestal da zona serrana de Vila Nova de Monsarros, por iniciativa da C\u00e1ritas Diocesana de Aveiro, a fam\u00edlia de D.\u00aa Rosa foi contemplada com uma nova moradia que substituiu a [&hellip;]<\/p>\n","protected":false},"author":3,"featured_media":0,"comment_status":"closed","ping_status":"closed","sticky":false,"template":"","format":"standard","meta":{"footnotes":""},"categories":[38],"tags":[],"class_list":["post-27666","post","type-post","status-publish","format-standard","hentry","category-destaque"],"_links":{"self":[{"href":"https:\/\/sites.ecclesia.pt\/cv\/wp-json\/wp\/v2\/posts\/27666","targetHints":{"allow":["GET"]}}],"collection":[{"href":"https:\/\/sites.ecclesia.pt\/cv\/wp-json\/wp\/v2\/posts"}],"about":[{"href":"https:\/\/sites.ecclesia.pt\/cv\/wp-json\/wp\/v2\/types\/post"}],"author":[{"embeddable":true,"href":"https:\/\/sites.ecclesia.pt\/cv\/wp-json\/wp\/v2\/users\/3"}],"replies":[{"embeddable":true,"href":"https:\/\/sites.ecclesia.pt\/cv\/wp-json\/wp\/v2\/comments?post=27666"}],"version-history":[{"count":2,"href":"https:\/\/sites.ecclesia.pt\/cv\/wp-json\/wp\/v2\/posts\/27666\/revisions"}],"predecessor-version":[{"id":27669,"href":"https:\/\/sites.ecclesia.pt\/cv\/wp-json\/wp\/v2\/posts\/27666\/revisions\/27669"}],"wp:attachment":[{"href":"https:\/\/sites.ecclesia.pt\/cv\/wp-json\/wp\/v2\/media?parent=27666"}],"wp:term":[{"taxonomy":"category","embeddable":true,"href":"https:\/\/sites.ecclesia.pt\/cv\/wp-json\/wp\/v2\/categories?post=27666"},{"taxonomy":"post_tag","embeddable":true,"href":"https:\/\/sites.ecclesia.pt\/cv\/wp-json\/wp\/v2\/tags?post=27666"}],"curies":[{"name":"wp","href":"https:\/\/api.w.org\/{rel}","templated":true}]}}