{"id":27673,"date":"2017-09-28T14:04:33","date_gmt":"2017-09-28T14:04:33","guid":{"rendered":"http:\/\/sites.ecclesia.pt\/cv\/?p=27673"},"modified":"2017-09-28T14:04:33","modified_gmt":"2017-09-28T14:04:33","slug":"reparticao-de-rendimentos-descurada","status":"publish","type":"post","link":"https:\/\/sites.ecclesia.pt\/cv\/reparticao-de-rendimentos-descurada\/","title":{"rendered":"Reparti\u00e7\u00e3o de rendimentos descurada"},"content":{"rendered":"<figure id=\"attachment_24492\" aria-describedby=\"caption-attachment-24492\" style=\"width: 150px\" class=\"wp-caption alignnone\"><a href=\"https:\/\/sites.ecclesia.pt\/cv\/wp-content\/uploads\/2014\/02\/catarino.jpg\"><img loading=\"lazy\" decoding=\"async\" class=\"wp-image-24492\" src=\"https:\/\/sites.ecclesia.pt\/cv\/wp-content\/uploads\/2014\/02\/catarino.jpg\" alt=\"\" width=\"150\" height=\"186\" \/><\/a><figcaption id=\"caption-attachment-24492\" class=\"wp-caption-text\">Ac\u00e1cio F. Catarino<br \/> Soci\u00f3logo, Consultor Social<\/figcaption><\/figure>\n<p>A reparti\u00e7\u00e3o de rendimentos mais justa contribui para a redu\u00e7\u00e3o das desigualdades sociais alforadas no pen\u00faltimo artigo. Desde os anos sessenta do s\u00e9culo passado, a reparti\u00e7\u00e3o de rendimentos foi objeto de estudo sistem\u00e1tico e de propostas v\u00e1rias, no antigo Fundo de Desenvolvimento da M\u00e3o-de-Obra e, depois, no organismo de estudos e planeamento do minist\u00e9rio respons\u00e1vel pelo trabalho e seguran\u00e7a social; a not\u00e1vel equipa de economistas que se ocupou do assunto foi coordenada pelos Drs. Jo\u00e3o Pereira de Moura e M. Odete Esteves de Carvalho. Depois de Abril de 74, descurou-se bastante esta preocupa\u00e7\u00e3o devido, em parte, ao facto de se confiar mais nos dinamismos da revolu\u00e7\u00e3o e das lutas pol\u00edtico-laborais.<br \/>\n<strong>H\u00e1 que distinguir a reparti\u00e7\u00e3o funcional da pessoal:<\/strong> a primeira considera os rendimentos do trabalho, por um lado, e os do capital, por outro; a segunda considera os diferentes n\u00edveis de rendimento das pessoas. Sabe-se que, ultimamente, os rendimentos do trabalho t\u00eam diminu\u00eddo em rela\u00e7\u00e3o aos do capital; e sabe-se tamb\u00e9m que t\u00eam aumentado as desigualdades entre as pessoas. Para aquela diminui\u00e7\u00e3o, contribuem fortemente a competividade interna e externa, bem como o progresso tecnol\u00f3gico muito exigente em novos investimentos; para as desigualdades entre as pessoas contribuem essa mesma diminui\u00e7\u00e3o bem como as diferen\u00e7as de sal\u00e1rios, a riqueza herdada, as oportunidades de ganhar muito dinheiro, os ganhos ileg\u00edtimos, o desemprego, os encargos familiares, as doen\u00e7as, as mortes&#8230; Constituem desigualdades particularmente contestadas, hoje em dia, as diferen\u00e7as entre os sal\u00e1rios muito altos e os mais baixos, a par dos elevados ganhos do capital em contraste com os do trabalho; e, paradoxalmente, esta \u00faltima desigualdade at\u00e9 parece tender para aumentar, \u00abnecessariamente\u00bb, atendendo \u00e0 descapitaliza\u00e7\u00e3o de muitas empresas. (<em>Continua<\/em>)<\/p>\n","protected":false},"excerpt":{"rendered":"<p>A reparti\u00e7\u00e3o de rendimentos mais justa contribui para a redu\u00e7\u00e3o das desigualdades sociais alforadas no pen\u00faltimo artigo. Desde os anos sessenta do s\u00e9culo passado, a reparti\u00e7\u00e3o de rendimentos foi objeto de estudo sistem\u00e1tico e de propostas v\u00e1rias, no antigo Fundo de Desenvolvimento da M\u00e3o-de-Obra e, depois, no organismo de estudos e planeamento do minist\u00e9rio respons\u00e1vel [&hellip;]<\/p>\n","protected":false},"author":3,"featured_media":0,"comment_status":"closed","ping_status":"closed","sticky":false,"template":"","format":"standard","meta":{"footnotes":""},"categories":[62],"tags":[],"class_list":["post-27673","post","type-post","status-publish","format-standard","hentry","category-opiniao"],"_links":{"self":[{"href":"https:\/\/sites.ecclesia.pt\/cv\/wp-json\/wp\/v2\/posts\/27673","targetHints":{"allow":["GET"]}}],"collection":[{"href":"https:\/\/sites.ecclesia.pt\/cv\/wp-json\/wp\/v2\/posts"}],"about":[{"href":"https:\/\/sites.ecclesia.pt\/cv\/wp-json\/wp\/v2\/types\/post"}],"author":[{"embeddable":true,"href":"https:\/\/sites.ecclesia.pt\/cv\/wp-json\/wp\/v2\/users\/3"}],"replies":[{"embeddable":true,"href":"https:\/\/sites.ecclesia.pt\/cv\/wp-json\/wp\/v2\/comments?post=27673"}],"version-history":[{"count":1,"href":"https:\/\/sites.ecclesia.pt\/cv\/wp-json\/wp\/v2\/posts\/27673\/revisions"}],"predecessor-version":[{"id":27674,"href":"https:\/\/sites.ecclesia.pt\/cv\/wp-json\/wp\/v2\/posts\/27673\/revisions\/27674"}],"wp:attachment":[{"href":"https:\/\/sites.ecclesia.pt\/cv\/wp-json\/wp\/v2\/media?parent=27673"}],"wp:term":[{"taxonomy":"category","embeddable":true,"href":"https:\/\/sites.ecclesia.pt\/cv\/wp-json\/wp\/v2\/categories?post=27673"},{"taxonomy":"post_tag","embeddable":true,"href":"https:\/\/sites.ecclesia.pt\/cv\/wp-json\/wp\/v2\/tags?post=27673"}],"curies":[{"name":"wp","href":"https:\/\/api.w.org\/{rel}","templated":true}]}}