{"id":27675,"date":"2017-09-28T14:14:05","date_gmt":"2017-09-28T14:14:05","guid":{"rendered":"http:\/\/sites.ecclesia.pt\/cv\/?p=27675"},"modified":"2017-09-28T14:14:05","modified_gmt":"2017-09-28T14:14:05","slug":"mmi-lanca-portal-homens-e-navios-do-bacalhau","status":"publish","type":"post","link":"https:\/\/sites.ecclesia.pt\/cv\/mmi-lanca-portal-homens-e-navios-do-bacalhau\/","title":{"rendered":"MMI lan\u00e7a portal &#8220;Homens e Navios do Bacalhau&#8221;"},"content":{"rendered":"<figure id=\"attachment_27676\" aria-describedby=\"caption-attachment-27676\" style=\"width: 2048px\" class=\"wp-caption alignnone\"><a href=\"https:\/\/sites.ecclesia.pt\/cv\/wp-content\/uploads\/2017\/09\/foto-MMI.jpg\"><img loading=\"lazy\" decoding=\"async\" class=\"size-full wp-image-27676\" src=\"https:\/\/sites.ecclesia.pt\/cv\/wp-content\/uploads\/2017\/09\/foto-MMI.jpg\" alt=\"\" width=\"2048\" height=\"1365\" srcset=\"https:\/\/sites.ecclesia.pt\/cv\/wp-content\/uploads\/2017\/09\/foto-MMI.jpg 2048w, https:\/\/sites.ecclesia.pt\/cv\/wp-content\/uploads\/2017\/09\/foto-MMI-300x200.jpg 300w, https:\/\/sites.ecclesia.pt\/cv\/wp-content\/uploads\/2017\/09\/foto-MMI-768x512.jpg 768w, https:\/\/sites.ecclesia.pt\/cv\/wp-content\/uploads\/2017\/09\/foto-MMI-1024x683.jpg 1024w\" sizes=\"auto, (max-width: 2048px) 100vw, 2048px\" \/><\/a><figcaption id=\"caption-attachment-27676\" class=\"wp-caption-text\">Apresenta\u00e7\u00e3o do portal aos familiares de quem andou \u201cno bacalhau\u201d<\/figcaption><\/figure>\n<p>O Museu Mar\u00edtimo de \u00cdlhavo (MMI) lan\u00e7ou, no passado s\u00e1bado, o portal \u201cHomens e Navios do Bacalhau\u201d, vocacionado para a recolha e partilha da mem\u00f3ria coletiva da grande pesca, pelo que permite a inclus\u00e3o, por parte dos tripulantes ou dos seus familiares e amigos, bem como da comunidade em geral, de novas informa\u00e7\u00f5es, imagens, v\u00eddeos ou documentos.<br \/>\nNa base deste portal est\u00e3o duas bases de dados, uma que re\u00fane as fichas de inscri\u00e7\u00e3o do Gr\u00e9mio dos Armadores dos Navios da Pesca do Bacalhau, e outra os dados da Frota Bacalhoeira Portuguesa referentes ao per\u00edodo de 1835 a 2005. Por isso, o portal \u00e9 um aut\u00eantico \u201cmuseu virtual do patrim\u00f3nio humano da pesca do bacalhau que relaciona dois elementos fundamentais para a pesca do bacalhau: os homens e os navios\u201d.<br \/>\nO portal, que pode ser acedido na p\u00e1gina eletr\u00f3nica do Museu Mar\u00edtimo de \u00cdlhavo, permite a pesquisa atrav\u00e9s dos dados dos homens (tripulantes) que andaram na pesca do bacalhau, no per\u00edodo entre 1922 e 1976, ou atrav\u00e9s dos respetivos navios.<br \/>\nA apresenta\u00e7\u00e3o do portal inseriu-se no programa da Festa dos Bacalhoeiros, realizada no \u00e2mbito das comemora\u00e7\u00f5es do 80.\u00ba anivers\u00e1rio da funda\u00e7\u00e3o do Museu Mar\u00edtimo de \u00cdlhavo, evento que reuniu cerca de duas centenas de antigos pescadores do bacalhau, oriundos dos mais diversos pontos do pa\u00eds, numa jornada que incluiu uma visita guiada ao MMI e ao Navio Museu Santo Andr\u00e9, e ainda um almo\u00e7o partilhado de conv\u00edvio.<br \/>\n<strong>C.F.<\/strong><\/p>\n","protected":false},"excerpt":{"rendered":"<p>O Museu Mar\u00edtimo de \u00cdlhavo (MMI) lan\u00e7ou, no passado s\u00e1bado, o portal \u201cHomens e Navios do Bacalhau\u201d, vocacionado para a recolha e partilha da mem\u00f3ria coletiva da grande pesca, pelo que permite a inclus\u00e3o, por parte dos tripulantes ou dos seus familiares e amigos, bem como da comunidade em geral, de novas informa\u00e7\u00f5es, imagens, v\u00eddeos [&hellip;]<\/p>\n","protected":false},"author":3,"featured_media":0,"comment_status":"closed","ping_status":"closed","sticky":false,"template":"","format":"standard","meta":{"footnotes":""},"categories":[45],"tags":[],"class_list":["post-27675","post","type-post","status-publish","format-standard","hentry","category-regioes"],"_links":{"self":[{"href":"https:\/\/sites.ecclesia.pt\/cv\/wp-json\/wp\/v2\/posts\/27675","targetHints":{"allow":["GET"]}}],"collection":[{"href":"https:\/\/sites.ecclesia.pt\/cv\/wp-json\/wp\/v2\/posts"}],"about":[{"href":"https:\/\/sites.ecclesia.pt\/cv\/wp-json\/wp\/v2\/types\/post"}],"author":[{"embeddable":true,"href":"https:\/\/sites.ecclesia.pt\/cv\/wp-json\/wp\/v2\/users\/3"}],"replies":[{"embeddable":true,"href":"https:\/\/sites.ecclesia.pt\/cv\/wp-json\/wp\/v2\/comments?post=27675"}],"version-history":[{"count":1,"href":"https:\/\/sites.ecclesia.pt\/cv\/wp-json\/wp\/v2\/posts\/27675\/revisions"}],"predecessor-version":[{"id":27677,"href":"https:\/\/sites.ecclesia.pt\/cv\/wp-json\/wp\/v2\/posts\/27675\/revisions\/27677"}],"wp:attachment":[{"href":"https:\/\/sites.ecclesia.pt\/cv\/wp-json\/wp\/v2\/media?parent=27675"}],"wp:term":[{"taxonomy":"category","embeddable":true,"href":"https:\/\/sites.ecclesia.pt\/cv\/wp-json\/wp\/v2\/categories?post=27675"},{"taxonomy":"post_tag","embeddable":true,"href":"https:\/\/sites.ecclesia.pt\/cv\/wp-json\/wp\/v2\/tags?post=27675"}],"curies":[{"name":"wp","href":"https:\/\/api.w.org\/{rel}","templated":true}]}}