{"id":2768,"date":"2010-10-27T09:30:00","date_gmt":"2010-10-27T09:30:00","guid":{"rendered":"http:\/\/localhost:81\/wp1\/?p=2768"},"modified":"2010-10-27T09:30:00","modified_gmt":"2010-10-27T09:30:00","slug":"bispo-de-aveiro-36","status":"publish","type":"post","link":"https:\/\/sites.ecclesia.pt\/cv\/bispo-de-aveiro-36\/","title":{"rendered":"Bispo de Aveiro"},"content":{"rendered":"<p>Dia 21 de Outubro:<\/p>\n<p>D. Ant\u00f3nio Francisco reuniu com o secretariado permanente do Conselho Presbiteral; reuniu com a direc\u00e7\u00e3o da Funda\u00e7\u00e3o Sal da Terra e Luz do Mundo; participou na ac\u00e7\u00e3o de forma\u00e7\u00e3o b\u00edblica para os catequistas.<\/p>\n<p>Dia 22:<\/p>\n<p>Reuniu com o Conselho Econ\u00f3mico Diocesano; tomou parte nas comemora\u00e7\u00f5es dos 75 anos da Santa Casa da Miseric\u00f3rdia de Estarreja.<\/p>\n<p>Dia 23:<\/p>\n<p>Presidiu, em F\u00e1tima, ao encontro nacional dos Secretariados Diocesanos do Ensino Religioso nas Escolas, promovido pela Comiss\u00e3o Episcopal da Educa\u00e7\u00e3o Crist\u00e3.<\/p>\n<p>Dia 24:<\/p>\n<p>Celebrou a Eucaristia nas igrejas matrizes da Gafanha do Carmo, S\u00e3o Salvador de \u00cdlhavo e de Ponte de Vagos, no in\u00edcio do munus pastoral das equipas sacerdotais destas par\u00f3quias.<\/p>\n<p>Dia 26:<\/p>\n<p>Participou na reuni\u00e3o dos bispos da prov\u00edncia de Braga; reuniu com a Comiss\u00e3o Diocesana Justi\u00e7a e Paz.<\/p>\n<p>Dia 27:<\/p>\n<p>Reuniu com o Conselho de arciprestes; participou num encontro organizado pelo Departamento das IPSS.<\/p>\n<p>Nos pr\u00f3ximos dias: O Bispo de Aveiro preside ao F\u00f3rum das Voca\u00e7\u00f5es, em F\u00e1tima (dias 29 e 30), preside ao Crisma em Angeja e \u00e0 tomada de posse do novo p\u00e1roco da Gafanha do Carmo (dia 31) e celebra no Cemit\u00e9rio Central (dia 2 de Novembro, \u00e0s 10h30).<\/p>\n","protected":false},"excerpt":{"rendered":"<p>Dia 21 de Outubro: D. Ant\u00f3nio Francisco reuniu com o secretariado permanente do Conselho Presbiteral; reuniu com a direc\u00e7\u00e3o da Funda\u00e7\u00e3o Sal da Terra e Luz do Mundo; participou na ac\u00e7\u00e3o de forma\u00e7\u00e3o b\u00edblica para os catequistas. Dia 22: Reuniu com o Conselho Econ\u00f3mico Diocesano; tomou parte nas comemora\u00e7\u00f5es dos 75 anos da Santa Casa [&hellip;]<\/p>\n","protected":false},"author":1,"featured_media":0,"comment_status":"open","ping_status":"open","sticky":false,"template":"","format":"standard","meta":{"footnotes":""},"categories":[70],"tags":[],"class_list":["post-2768","post","type-post","status-publish","format-standard","hentry","category-diocese"],"_links":{"self":[{"href":"https:\/\/sites.ecclesia.pt\/cv\/wp-json\/wp\/v2\/posts\/2768","targetHints":{"allow":["GET"]}}],"collection":[{"href":"https:\/\/sites.ecclesia.pt\/cv\/wp-json\/wp\/v2\/posts"}],"about":[{"href":"https:\/\/sites.ecclesia.pt\/cv\/wp-json\/wp\/v2\/types\/post"}],"author":[{"embeddable":true,"href":"https:\/\/sites.ecclesia.pt\/cv\/wp-json\/wp\/v2\/users\/1"}],"replies":[{"embeddable":true,"href":"https:\/\/sites.ecclesia.pt\/cv\/wp-json\/wp\/v2\/comments?post=2768"}],"version-history":[{"count":0,"href":"https:\/\/sites.ecclesia.pt\/cv\/wp-json\/wp\/v2\/posts\/2768\/revisions"}],"wp:attachment":[{"href":"https:\/\/sites.ecclesia.pt\/cv\/wp-json\/wp\/v2\/media?parent=2768"}],"wp:term":[{"taxonomy":"category","embeddable":true,"href":"https:\/\/sites.ecclesia.pt\/cv\/wp-json\/wp\/v2\/categories?post=2768"},{"taxonomy":"post_tag","embeddable":true,"href":"https:\/\/sites.ecclesia.pt\/cv\/wp-json\/wp\/v2\/tags?post=2768"}],"curies":[{"name":"wp","href":"https:\/\/api.w.org\/{rel}","templated":true}]}}