{"id":27684,"date":"2017-10-04T15:42:36","date_gmt":"2017-10-04T15:42:36","guid":{"rendered":"http:\/\/sites.ecclesia.pt\/cv\/?p=27684"},"modified":"2017-10-04T15:42:36","modified_gmt":"2017-10-04T15:42:36","slug":"papa-prudencia-coragem-e-ternura-devem-ser-as-caracteristicas-de-quem-governa","status":"publish","type":"post","link":"https:\/\/sites.ecclesia.pt\/cv\/papa-prudencia-coragem-e-ternura-devem-ser-as-caracteristicas-de-quem-governa\/","title":{"rendered":"Papa: Prud\u00eancia, coragem e ternura devem ser as caracter\u00edsticas de quem governa"},"content":{"rendered":"<figure id=\"attachment_27685\" aria-describedby=\"caption-attachment-27685\" style=\"width: 1225px\" class=\"wp-caption alignnone\"><a href=\"https:\/\/sites.ecclesia.pt\/cv\/wp-content\/uploads\/2017\/10\/papa_associacao_municipios.jpg\"><img loading=\"lazy\" decoding=\"async\" class=\"size-full wp-image-27685\" src=\"https:\/\/sites.ecclesia.pt\/cv\/wp-content\/uploads\/2017\/10\/papa_associacao_municipios.jpg\" alt=\"\" width=\"1225\" height=\"816\" srcset=\"https:\/\/sites.ecclesia.pt\/cv\/wp-content\/uploads\/2017\/10\/papa_associacao_municipios.jpg 1225w, https:\/\/sites.ecclesia.pt\/cv\/wp-content\/uploads\/2017\/10\/papa_associacao_municipios-300x200.jpg 300w, https:\/\/sites.ecclesia.pt\/cv\/wp-content\/uploads\/2017\/10\/papa_associacao_municipios-768x512.jpg 768w, https:\/\/sites.ecclesia.pt\/cv\/wp-content\/uploads\/2017\/10\/papa_associacao_municipios-1024x682.jpg 1024w\" sizes=\"auto, (max-width: 1225px) 100vw, 1225px\" \/><\/a><figcaption id=\"caption-attachment-27685\" class=\"wp-caption-text\">\u201cO ponto de vista do \u00faltimo\u201d indica melhor<br \/>as \u201cnecessidades reais\u201d das popula\u00e7\u00f5es e afasta \u201csolu\u00e7\u00f5es aparentes\u201d, defendeu Francisco<\/figcaption><\/figure>\n<p>&nbsp;<\/p>\n<p>O Papa Francisco recebeu no dia 30 de setembro membros da Associa\u00e7\u00e3o Nacional de Munic\u00edpios Italianos e disse-lhes que quem governa deve ter a virtude da prud\u00eancia, da coragem e da ternura. \u201cUm prefeito [presidente da c\u00e2mara] deve ter a virtude de prud\u00eancia para governar, mas tamb\u00e9m a virtude da coragem para avan\u00e7ar e a virtude da ternura para se aproximar dos mais fracos\u201d, afirmou o Papa na audi\u00eancia, no Vaticano.<br \/>\nPara o Papa \u00e9 necess\u00e1rio \u201cuma pol\u00edtica e uma nova economia centrada na \u00e9tica\u201d e os l\u00edderes das v\u00e1rias cidades devem \u201cvisitar os sub\u00farbios\u201d, urbanos, sociais e existenciais, porque \u201co ponto de vista do \u00faltimo\u201d indica melhor as \u201cnecessidades reais\u201d das popula\u00e7\u00f5es e afasta \u201csolu\u00e7\u00f5es aparentes\u201d.<br \/>\nFrancisco prop\u00f4s aos prefeitos italianos a constru\u00e7\u00e3o de uma cidade que \u201cn\u00e3o admite os sentidos \u00fanicos do individualismo exasperado\u201d, onde nunca se dissociam \u201co interesse privado do p\u00fablico\u201d e que n\u00e3o suporte os \u201cbecos cegos da corrup\u00e7\u00e3o\u201d.<br \/>\nNa audi\u00eancia aos membros da Associa\u00e7\u00e3o Nacional de Munic\u00edpios Italianos o Papa desafiou \u00e0 constru\u00e7\u00e3o de \u201ccomunidades onde cada um se sinta reconhecido como pessoa e cidad\u00e3o, titular de direitos e deveres\u201d. \u201cO que contribui para o bem de todos, concorre tamb\u00e9m para o bem do indiv\u00edduo\u201d, sublinhou. O Papa referiu-se tamb\u00e9m \u00e0 necessidade de \u201cuma pol\u00edtica de acolhimento e de integra\u00e7\u00e3o\u201d que \u201cn\u00e3o deixe \u00e0 margem\u201d os que chegam \u00e0s v\u00e1rias cidades.<br \/>\nAfirmando que compreende o \u201cdesconforto\u201d de muitos cidad\u00e3os pela chegada maci\u00e7a de muitos migrantes e refugiados, o Papa disse que \u00e9 necess\u00e1rio promover \u201cespa\u00e7os de encontro pessoais e conhecimento m\u00fatuo\u201d.<br \/>\n\u201cConstruir esta cidade exige de v\u00f3s n\u00e3o um ascendente pretensioso sobre os outros, mas um compromisso humilde e quotidiano a partir dos \u00faltimos\u201d, disse o Papa. \u201cPara abra\u00e7ar e servir esta cidade \u00e9 necess\u00e1rio um cora\u00e7\u00e3o bom e grande, para a\u00ed guardar a paix\u00e3o pelo bem comum\u201d, sublinhou Francisco.<\/p>\n","protected":false},"excerpt":{"rendered":"<p>&nbsp; O Papa Francisco recebeu no dia 30 de setembro membros da Associa\u00e7\u00e3o Nacional de Munic\u00edpios Italianos e disse-lhes que quem governa deve ter a virtude da prud\u00eancia, da coragem e da ternura. \u201cUm prefeito [presidente da c\u00e2mara] deve ter a virtude de prud\u00eancia para governar, mas tamb\u00e9m a virtude da coragem para avan\u00e7ar e [&hellip;]<\/p>\n","protected":false},"author":3,"featured_media":0,"comment_status":"closed","ping_status":"closed","sticky":false,"template":"","format":"standard","meta":{"footnotes":""},"categories":[44],"tags":[],"class_list":["post-27684","post","type-post","status-publish","format-standard","hentry","category-igreja"],"_links":{"self":[{"href":"https:\/\/sites.ecclesia.pt\/cv\/wp-json\/wp\/v2\/posts\/27684","targetHints":{"allow":["GET"]}}],"collection":[{"href":"https:\/\/sites.ecclesia.pt\/cv\/wp-json\/wp\/v2\/posts"}],"about":[{"href":"https:\/\/sites.ecclesia.pt\/cv\/wp-json\/wp\/v2\/types\/post"}],"author":[{"embeddable":true,"href":"https:\/\/sites.ecclesia.pt\/cv\/wp-json\/wp\/v2\/users\/3"}],"replies":[{"embeddable":true,"href":"https:\/\/sites.ecclesia.pt\/cv\/wp-json\/wp\/v2\/comments?post=27684"}],"version-history":[{"count":1,"href":"https:\/\/sites.ecclesia.pt\/cv\/wp-json\/wp\/v2\/posts\/27684\/revisions"}],"predecessor-version":[{"id":27686,"href":"https:\/\/sites.ecclesia.pt\/cv\/wp-json\/wp\/v2\/posts\/27684\/revisions\/27686"}],"wp:attachment":[{"href":"https:\/\/sites.ecclesia.pt\/cv\/wp-json\/wp\/v2\/media?parent=27684"}],"wp:term":[{"taxonomy":"category","embeddable":true,"href":"https:\/\/sites.ecclesia.pt\/cv\/wp-json\/wp\/v2\/categories?post=27684"},{"taxonomy":"post_tag","embeddable":true,"href":"https:\/\/sites.ecclesia.pt\/cv\/wp-json\/wp\/v2\/tags?post=27684"}],"curies":[{"name":"wp","href":"https:\/\/api.w.org\/{rel}","templated":true}]}}