{"id":2774,"date":"2010-10-27T09:36:00","date_gmt":"2010-10-27T09:36:00","guid":{"rendered":"http:\/\/localhost:81\/wp1\/?p=2774"},"modified":"2010-10-27T09:36:00","modified_gmt":"2010-10-27T09:36:00","slug":"bento-xvi-recebeu-novo-embaixador-portugues","status":"publish","type":"post","link":"https:\/\/sites.ecclesia.pt\/cv\/bento-xvi-recebeu-novo-embaixador-portugues\/","title":{"rendered":"Bento XVI recebeu novo embaixador portugu\u00eas"},"content":{"rendered":"<p>Breves <!--more--> Bento XVI recebeu no dia 21 de Outubro, o novo embaixador portugu\u00eas no Vaticano, Manuel Fernandes Pereira. O Papa recordou a sua viagem a Portugal, em Maio, e apelou \u00e0 regulamenta\u00e7\u00e3o da Concordata de 2004. Manuel Fernandes Pereira representou Portugal na NATO, passou pela \u00c1frica do Sul e desempenhou v\u00e1rios cargos nos minist\u00e9rios dos Neg\u00f3cios Estrangeiros e da Defesa. Portugal era representado na Santa S\u00e9 por Jo\u00e3o Rocha P\u00e1ris, que cessou fun\u00e7\u00f5es em Junho de 2010. Na altura, com a sua esposa, foi recebido pelo Papa.<\/p>\n","protected":false},"excerpt":{"rendered":"<p>Breves<\/p>\n","protected":false},"author":1,"featured_media":0,"comment_status":"open","ping_status":"open","sticky":false,"template":"","format":"standard","meta":{"footnotes":""},"categories":[53],"tags":[],"class_list":["post-2774","post","type-post","status-publish","format-standard","hentry","category-igreja-em-portugal"],"_links":{"self":[{"href":"https:\/\/sites.ecclesia.pt\/cv\/wp-json\/wp\/v2\/posts\/2774","targetHints":{"allow":["GET"]}}],"collection":[{"href":"https:\/\/sites.ecclesia.pt\/cv\/wp-json\/wp\/v2\/posts"}],"about":[{"href":"https:\/\/sites.ecclesia.pt\/cv\/wp-json\/wp\/v2\/types\/post"}],"author":[{"embeddable":true,"href":"https:\/\/sites.ecclesia.pt\/cv\/wp-json\/wp\/v2\/users\/1"}],"replies":[{"embeddable":true,"href":"https:\/\/sites.ecclesia.pt\/cv\/wp-json\/wp\/v2\/comments?post=2774"}],"version-history":[{"count":0,"href":"https:\/\/sites.ecclesia.pt\/cv\/wp-json\/wp\/v2\/posts\/2774\/revisions"}],"wp:attachment":[{"href":"https:\/\/sites.ecclesia.pt\/cv\/wp-json\/wp\/v2\/media?parent=2774"}],"wp:term":[{"taxonomy":"category","embeddable":true,"href":"https:\/\/sites.ecclesia.pt\/cv\/wp-json\/wp\/v2\/categories?post=2774"},{"taxonomy":"post_tag","embeddable":true,"href":"https:\/\/sites.ecclesia.pt\/cv\/wp-json\/wp\/v2\/tags?post=2774"}],"curies":[{"name":"wp","href":"https:\/\/api.w.org\/{rel}","templated":true}]}}