{"id":27748,"date":"2017-11-23T17:00:30","date_gmt":"2017-11-23T17:00:30","guid":{"rendered":"http:\/\/sites.ecclesia.pt\/cv\/?p=27748"},"modified":"2017-11-23T17:00:30","modified_gmt":"2017-11-23T17:00:30","slug":"sete-curiosidades-a-volta-de-lutero-e-do-protestantismo","status":"publish","type":"post","link":"https:\/\/sites.ecclesia.pt\/cv\/sete-curiosidades-a-volta-de-lutero-e-do-protestantismo\/","title":{"rendered":"Sete curiosidades \u00e0 volta de Lutero e do Protestantismo"},"content":{"rendered":"<p><strong>O dia 31 de outubro de 1517 ficou para a hist\u00f3ria como o in\u00edcio da Reforma Protestante, que teve consequ\u00eancias religiosas e culturais que perduram at\u00e9 hoje. Aqui ficam sete curiosidades sobre Lutero e os protestantes. Por Jorge Pires Ferreira<\/strong><\/p>\n<figure id=\"attachment_27749\" aria-describedby=\"caption-attachment-27749\" style=\"width: 2000px\" class=\"wp-caption alignnone\"><a href=\"https:\/\/sites.ecclesia.pt\/cv\/wp-content\/uploads\/2017\/11\/Porta-Igreja.jpg\"><img loading=\"lazy\" decoding=\"async\" class=\"wp-image-27749 size-full\" src=\"https:\/\/sites.ecclesia.pt\/cv\/wp-content\/uploads\/2017\/11\/Porta-Igreja.jpg\" alt=\"\" width=\"2000\" height=\"1324\" srcset=\"https:\/\/sites.ecclesia.pt\/cv\/wp-content\/uploads\/2017\/11\/Porta-Igreja.jpg 2000w, https:\/\/sites.ecclesia.pt\/cv\/wp-content\/uploads\/2017\/11\/Porta-Igreja-300x199.jpg 300w, https:\/\/sites.ecclesia.pt\/cv\/wp-content\/uploads\/2017\/11\/Porta-Igreja-768x508.jpg 768w, https:\/\/sites.ecclesia.pt\/cv\/wp-content\/uploads\/2017\/11\/Porta-Igreja-1024x678.jpg 1024w\" sizes=\"auto, (max-width: 2000px) 100vw, 2000px\" \/><\/a><figcaption id=\"caption-attachment-27749\" class=\"wp-caption-text\">Porta da Igreja-Castelo de Wittenberg<\/figcaption><\/figure>\n<p>&nbsp;<\/p>\n<p>&nbsp;<\/p>\n<p><strong>Lutero n\u00e3o pregou as indulg\u00eancias<\/strong><br \/>\n<strong>na porta da igreja<\/strong><\/p>\n<p>\u00c9 cena de pinturas e de filmes o monge Lutero a pregar um cartaz com as suas teses na porta da Igreja-Castelo de Wittenberg (e, hoje, l\u00e1 est\u00e3o as teses contras as indulg\u00eancias escritas em\u2026 metal), no dia 31 de outubro de 1517. Na realidade, daquele dia \u00e9 a carta que dirigiu ao bispo Alberto de Mainz (ou Mog\u00fancia) e que inclu\u00eda as 95 teses. Philipp Melanchthon, disc\u00edpulo de Lutero, refere explicitamente, mas d\u00e9cadas mais tarde, que a afixa\u00e7\u00e3o foi a 31 de outubro, mas tal afirma\u00e7\u00e3o contradiz diversas declara\u00e7\u00f5es de Lutero sobre o dia 31 de outubro de 1517. Contudo, a afixa\u00e7\u00e3o poder\u00e1 ter acontecido mais tarde, visto que era costume os intelectuais afixarem publicamente os assuntos a discutir e aquela igreja era muito frequentada por pessoas que queriam ver a famosa cole\u00e7\u00e3o de rel\u00edquias do pr\u00edncipe Frederico para obter indulg\u00eancias.<\/p>\n<p>&nbsp;<\/p>\n<p>&nbsp;<\/p>\n<p>Leia mais na edi\u00e7\u00e3o do Correio do Vouga em papel do dia 22 de novembro de 2017<\/p>\n","protected":false},"excerpt":{"rendered":"<p>O dia 31 de outubro de 1517 ficou para a hist\u00f3ria como o in\u00edcio da Reforma Protestante, que teve consequ\u00eancias religiosas e culturais que perduram at\u00e9 hoje. Aqui ficam sete curiosidades sobre Lutero e os protestantes. Por Jorge Pires Ferreira &nbsp; &nbsp; Lutero n\u00e3o pregou as indulg\u00eancias na porta da igreja \u00c9 cena de pinturas [&hellip;]<\/p>\n","protected":false},"author":3,"featured_media":0,"comment_status":"closed","ping_status":"closed","sticky":false,"template":"","format":"standard","meta":{"footnotes":""},"categories":[44],"tags":[],"class_list":["post-27748","post","type-post","status-publish","format-standard","hentry","category-igreja"],"_links":{"self":[{"href":"https:\/\/sites.ecclesia.pt\/cv\/wp-json\/wp\/v2\/posts\/27748","targetHints":{"allow":["GET"]}}],"collection":[{"href":"https:\/\/sites.ecclesia.pt\/cv\/wp-json\/wp\/v2\/posts"}],"about":[{"href":"https:\/\/sites.ecclesia.pt\/cv\/wp-json\/wp\/v2\/types\/post"}],"author":[{"embeddable":true,"href":"https:\/\/sites.ecclesia.pt\/cv\/wp-json\/wp\/v2\/users\/3"}],"replies":[{"embeddable":true,"href":"https:\/\/sites.ecclesia.pt\/cv\/wp-json\/wp\/v2\/comments?post=27748"}],"version-history":[{"count":1,"href":"https:\/\/sites.ecclesia.pt\/cv\/wp-json\/wp\/v2\/posts\/27748\/revisions"}],"predecessor-version":[{"id":27750,"href":"https:\/\/sites.ecclesia.pt\/cv\/wp-json\/wp\/v2\/posts\/27748\/revisions\/27750"}],"wp:attachment":[{"href":"https:\/\/sites.ecclesia.pt\/cv\/wp-json\/wp\/v2\/media?parent=27748"}],"wp:term":[{"taxonomy":"category","embeddable":true,"href":"https:\/\/sites.ecclesia.pt\/cv\/wp-json\/wp\/v2\/categories?post=27748"},{"taxonomy":"post_tag","embeddable":true,"href":"https:\/\/sites.ecclesia.pt\/cv\/wp-json\/wp\/v2\/tags?post=27748"}],"curies":[{"name":"wp","href":"https:\/\/api.w.org\/{rel}","templated":true}]}}