{"id":2775,"date":"2010-10-27T09:37:00","date_gmt":"2010-10-27T09:37:00","guid":{"rendered":"http:\/\/localhost:81\/wp1\/?p=2775"},"modified":"2010-10-27T09:37:00","modified_gmt":"2010-10-27T09:37:00","slug":"arcebispo-de-braga-condena-abertura-dos-hipermercados-ao-domingo","status":"publish","type":"post","link":"https:\/\/sites.ecclesia.pt\/cv\/arcebispo-de-braga-condena-abertura-dos-hipermercados-ao-domingo\/","title":{"rendered":"Arcebispo de Braga condena abertura dos hipermercados ao domingo"},"content":{"rendered":"<p>D. Jorge Ortiga lan\u00e7ou no domingo um alerta sobre as consequ\u00eancias para a vida familiar do incremento do trabalho ao domingo, cujo mais recente sintoma se manifestou com a autoriza\u00e7\u00e3o da abertura dos hipermercados durante todo o dia.<\/p>\n<p>Falando na S\u00e9 Catedral de Braga, na homilia da celebra\u00e7\u00e3o do dia lit\u00fargico de S\u00e3o Martinho de Dume, padroeiro da arquidiocese, D. Jorge Ortiga considerou que \u00aba import\u00e2ncia do domingo \u00e9 muito maior do que os motivos religiosos, pois em muitos casos, hoje \u00e9 a pr\u00f3pria fam\u00edlia que est\u00e1 a ser minada\u00bb enquanto espa\u00e7o basilar de uni\u00e3o e solidariedade.<\/p>\n<p>O prelado exortou os crist\u00e3os para \u00aba necessidade de reflectirem sobre os problemas que os rodeiam\u00bb, em vez de aceitarem acriticamente \u00e0quilo que outros pensam ou lhes querem impor. \u00abHoje deixamo-nos levar pelo que os outros pensam, adaptamo-nos aquilo que os outros fazem e vamos vivendo sem reagir, porventura entrando at\u00e9 naquilo que os outros querem\u00bb, afirmou, notando que \u00abactualmente saem imensas leis que nos deveriam interpelar e que dever\u00edamos questionar\u00bb.<\/p>\n<p>\u00abO domingo deve ser usado n\u00e3o para finalidades m\u00e1s, mas para finalidades boas\u00bb, disse D. Jorge, citando S\u00e3o Martinho de Dune. E continuou: \u00abIsto \u00e9, para ir a lugares santos, visitar um irm\u00e3o ou um amigo, consolar um enfermo, levar o bom conselho a quem dele precise ou auxiliar uma boa causa, \u00e9 assim que o homem crist\u00e3o deve honrar o domingo\u00bb.<\/p>\n","protected":false},"excerpt":{"rendered":"<p>D. Jorge Ortiga lan\u00e7ou no domingo um alerta sobre as consequ\u00eancias para a vida familiar do incremento do trabalho ao domingo, cujo mais recente sintoma se manifestou com a autoriza\u00e7\u00e3o da abertura dos hipermercados durante todo o dia. Falando na S\u00e9 Catedral de Braga, na homilia da celebra\u00e7\u00e3o do dia lit\u00fargico de S\u00e3o Martinho de [&hellip;]<\/p>\n","protected":false},"author":1,"featured_media":0,"comment_status":"open","ping_status":"open","sticky":false,"template":"","format":"standard","meta":{"footnotes":""},"categories":[53],"tags":[],"class_list":["post-2775","post","type-post","status-publish","format-standard","hentry","category-igreja-em-portugal"],"_links":{"self":[{"href":"https:\/\/sites.ecclesia.pt\/cv\/wp-json\/wp\/v2\/posts\/2775","targetHints":{"allow":["GET"]}}],"collection":[{"href":"https:\/\/sites.ecclesia.pt\/cv\/wp-json\/wp\/v2\/posts"}],"about":[{"href":"https:\/\/sites.ecclesia.pt\/cv\/wp-json\/wp\/v2\/types\/post"}],"author":[{"embeddable":true,"href":"https:\/\/sites.ecclesia.pt\/cv\/wp-json\/wp\/v2\/users\/1"}],"replies":[{"embeddable":true,"href":"https:\/\/sites.ecclesia.pt\/cv\/wp-json\/wp\/v2\/comments?post=2775"}],"version-history":[{"count":0,"href":"https:\/\/sites.ecclesia.pt\/cv\/wp-json\/wp\/v2\/posts\/2775\/revisions"}],"wp:attachment":[{"href":"https:\/\/sites.ecclesia.pt\/cv\/wp-json\/wp\/v2\/media?parent=2775"}],"wp:term":[{"taxonomy":"category","embeddable":true,"href":"https:\/\/sites.ecclesia.pt\/cv\/wp-json\/wp\/v2\/categories?post=2775"},{"taxonomy":"post_tag","embeddable":true,"href":"https:\/\/sites.ecclesia.pt\/cv\/wp-json\/wp\/v2\/tags?post=2775"}],"curies":[{"name":"wp","href":"https:\/\/api.w.org\/{rel}","templated":true}]}}