{"id":27751,"date":"2017-11-23T17:02:27","date_gmt":"2017-11-23T17:02:27","guid":{"rendered":"http:\/\/sites.ecclesia.pt\/cv\/?p=27751"},"modified":"2017-11-23T17:09:38","modified_gmt":"2017-11-23T17:09:38","slug":"tudo-pago-caminhada-solidaria-da-adav-rendeu-1618-euros-para-apoiar-bebes-e-maes","status":"publish","type":"post","link":"https:\/\/sites.ecclesia.pt\/cv\/tudo-pago-caminhada-solidaria-da-adav-rendeu-1618-euros-para-apoiar-bebes-e-maes\/","title":{"rendered":"Tudo pago, caminhada solid\u00e1ria da ADAV rendeu 1618 euros para apoiar beb\u00e9s e m\u00e3es"},"content":{"rendered":"<figure id=\"attachment_27752\" aria-describedby=\"caption-attachment-27752\" style=\"width: 3024px\" class=\"wp-caption alignnone\"><a href=\"https:\/\/sites.ecclesia.pt\/cv\/wp-content\/uploads\/2017\/11\/adav.jpg\"><img loading=\"lazy\" decoding=\"async\" class=\"size-full wp-image-27752\" src=\"https:\/\/sites.ecclesia.pt\/cv\/wp-content\/uploads\/2017\/11\/adav.jpg\" alt=\"\" width=\"3024\" height=\"2016\" srcset=\"https:\/\/sites.ecclesia.pt\/cv\/wp-content\/uploads\/2017\/11\/adav.jpg 3024w, https:\/\/sites.ecclesia.pt\/cv\/wp-content\/uploads\/2017\/11\/adav-300x200.jpg 300w, https:\/\/sites.ecclesia.pt\/cv\/wp-content\/uploads\/2017\/11\/adav-768x512.jpg 768w, https:\/\/sites.ecclesia.pt\/cv\/wp-content\/uploads\/2017\/11\/adav-1024x683.jpg 1024w\" sizes=\"auto, (max-width: 3024px) 100vw, 3024px\" \/><\/a><figcaption id=\"caption-attachment-27752\" class=\"wp-caption-text\">Aquecimento antes da partida da caminhada de 4 de novembro<\/figcaption><\/figure>\n<p>&nbsp;<\/p>\n<p>A ADAV-Aveiro, Associa\u00e7\u00e3o de Defesa e Apoio \u00e0 Vida, divulgou os dados da caminhada solid\u00e1ria pela vida, que percorreu as ruas de Aveiro na tarde de 4 de novembro, lembrando a vida humana deve ser defendida em todas as suas fases, do nascimento \u00e0 morte natural. A caminhada \u201cfoi um sucesso\u201d, refere a ADAV-Aveiro.<br \/>\nDos dados enviados ao Correio do Vouga (e dispon\u00edveis em adavaveiro.org), retiramos os seguintes n\u00fameros:<\/p>\n<p><strong>564<\/strong><br \/>\npessoas inscritas na caminhada solid\u00e1ria<\/p>\n<p><strong>1935<\/strong><br \/>\nvalor em euros das inscri\u00e7\u00f5es e dos donativos particulares<\/p>\n<p><strong>1522<\/strong><br \/>\nvalor em euros dos patroc\u00ednios e donativos de empresas<\/p>\n<p><strong>1506<\/strong><br \/>\nunidades de fraldas para beb\u00e9s recebidas no ato de inscri\u00e7\u00e3o<\/p>\n<p><strong>440<\/strong><br \/>\nbens destinados a beb\u00e9s e m\u00e3es recebidos no ato da inscri\u00e7\u00e3o: farinhas, latas de leite, bolachas, artigos de higiene e puericultura (neste n\u00famero n\u00e3o est\u00e3o contabilizados brinquedos, roupas e fraldas)<\/p>\n<p><strong>1839<\/strong><br \/>\nvalor em euros das despesas de organiza\u00e7\u00e3o (licen\u00e7as, seguro, materiais de apoio\u2026)<\/p>\n<p><strong>1618<\/strong><br \/>\nquantia em euros que ser\u00e1 destinada \u00e0s atividades solid\u00e1rias da ADAV (al\u00e9m dos g\u00e9neros recebidos pela ADAV).<\/p>\n","protected":false},"excerpt":{"rendered":"<p>&nbsp; A ADAV-Aveiro, Associa\u00e7\u00e3o de Defesa e Apoio \u00e0 Vida, divulgou os dados da caminhada solid\u00e1ria pela vida, que percorreu as ruas de Aveiro na tarde de 4 de novembro, lembrando a vida humana deve ser defendida em todas as suas fases, do nascimento \u00e0 morte natural. A caminhada \u201cfoi um sucesso\u201d, refere a ADAV-Aveiro. [&hellip;]<\/p>\n","protected":false},"author":3,"featured_media":0,"comment_status":"closed","ping_status":"closed","sticky":false,"template":"","format":"standard","meta":{"footnotes":""},"categories":[45],"tags":[],"class_list":["post-27751","post","type-post","status-publish","format-standard","hentry","category-regioes"],"_links":{"self":[{"href":"https:\/\/sites.ecclesia.pt\/cv\/wp-json\/wp\/v2\/posts\/27751","targetHints":{"allow":["GET"]}}],"collection":[{"href":"https:\/\/sites.ecclesia.pt\/cv\/wp-json\/wp\/v2\/posts"}],"about":[{"href":"https:\/\/sites.ecclesia.pt\/cv\/wp-json\/wp\/v2\/types\/post"}],"author":[{"embeddable":true,"href":"https:\/\/sites.ecclesia.pt\/cv\/wp-json\/wp\/v2\/users\/3"}],"replies":[{"embeddable":true,"href":"https:\/\/sites.ecclesia.pt\/cv\/wp-json\/wp\/v2\/comments?post=27751"}],"version-history":[{"count":3,"href":"https:\/\/sites.ecclesia.pt\/cv\/wp-json\/wp\/v2\/posts\/27751\/revisions"}],"predecessor-version":[{"id":27760,"href":"https:\/\/sites.ecclesia.pt\/cv\/wp-json\/wp\/v2\/posts\/27751\/revisions\/27760"}],"wp:attachment":[{"href":"https:\/\/sites.ecclesia.pt\/cv\/wp-json\/wp\/v2\/media?parent=27751"}],"wp:term":[{"taxonomy":"category","embeddable":true,"href":"https:\/\/sites.ecclesia.pt\/cv\/wp-json\/wp\/v2\/categories?post=27751"},{"taxonomy":"post_tag","embeddable":true,"href":"https:\/\/sites.ecclesia.pt\/cv\/wp-json\/wp\/v2\/tags?post=27751"}],"curies":[{"name":"wp","href":"https:\/\/api.w.org\/{rel}","templated":true}]}}