{"id":27757,"date":"2017-11-23T17:07:28","date_gmt":"2017-11-23T17:07:28","guid":{"rendered":"http:\/\/sites.ecclesia.pt\/cv\/?p=27757"},"modified":"2017-11-23T17:07:28","modified_gmt":"2017-11-23T17:07:28","slug":"bispo-de-aveiro-sugere-preces-para-pedir-o-dom-da-chuva","status":"publish","type":"post","link":"https:\/\/sites.ecclesia.pt\/cv\/bispo-de-aveiro-sugere-preces-para-pedir-o-dom-da-chuva\/","title":{"rendered":"Bispo de Aveiro sugere preces para pedir o dom da chuva"},"content":{"rendered":"<p><strong>A ora\u00e7\u00e3o \u00e9 para n\u00f3s, crist\u00e3os, o momento de escutar Deus que nos fala e quer dar-nos mais do que Lhe pedimos. Jesus sofreu e morreu por n\u00f3s e revela-nos o rosto de um Deus omnipotente em amor e servi\u00e7o. Por isso, neste tempo de seca que afeta o nosso pa\u00eds, devemos pedir-Lhe, com insist\u00eancia, a chuva t\u00e3o necess\u00e1ria \u00e0s nossas popula\u00e7\u00f5es e aos nossos campos. Lembremos o que nos diz Jesus no Evangelho: \u00abPedi e ser-vos-\u00e1 dado; procurai e achareis; batei e abrir-se-vos-\u00e1; porque todo aquele que pede, recebe; quem procura, encontra; e ao que bate, abrir-se-\u00e1\u00bb (Lc 11,9-10).<\/strong><br \/>\n<strong>Pe\u00e7o a todos os sacerdotes que introduzam em todas as Eucaristias na nossa Diocese de Aveiro uma prece na Ora\u00e7\u00e3o dos Fi\u00e9is a pedir o dom da chuva e rezem a ora\u00e7\u00e3o feita pelo Beato Paulo VI.<\/strong><\/p>\n<p style=\"text-align: right;\"><strong>Ant\u00f3nio Moiteiro<\/strong><br \/>\n<strong>Bispo de Aveiro<\/strong><\/p>\n<p>&nbsp;<\/p>\n<h5><strong>Inten\u00e7\u00e3o para a Ora\u00e7\u00e3o dos Fi\u00e9is<\/strong><\/h5>\n<p><em>Senhor, n\u00f3s Vos pedimos que nos concedais a chuva t\u00e3o necess\u00e1ria para que a terra produza colheitas e frutos abundantes e a ningu\u00e9m falte o p\u00e3o de cada dia. Oremos ao Senhor.<\/em><\/p>\n<p>&nbsp;<\/p>\n<h5>Ora\u00e7\u00e3o para pedir o dom da chuva<br \/>\n(Beato Paulo VI)<\/h5>\n<p style=\"text-align: left;\"><em>Deus, nosso Pai, Senhor do C\u00e9u e da terra<\/em><br \/>\n<em>Tu \u00e9s para n\u00f3s exist\u00eancia, energia e vida.<\/em><br \/>\n<em>Criaste o homem \u00e0 Tua imagem<\/em><br \/>\n<em>a fim de que com o seu trabalho ele fa\u00e7a frutificar<\/em><br \/>\n<em>as riquezas da terra,<\/em><br \/>\n<em>colaborando assim na Tua cria\u00e7\u00e3o.<\/em><br \/>\n<em>Temos consci\u00eancia da nossa mis\u00e9ria e fraqueza:<\/em><br \/>\n<em>nada podemos fazer sem Ti.<\/em><br \/>\n<em>Tu, Pai bondoso, que sobre todos fazes brilhar o sol<\/em><br \/>\n<em>e fazes cair a chuva,<\/em><br \/>\n<em>tem compaix\u00e3o de todos os que sofrem duramente<\/em><br \/>\n<em>pela seca que nos amea\u00e7a nestes dias.<\/em><br \/>\n<em>Escuta com bondade as ora\u00e7\u00f5es que Te s\u00e3o dirigidas<\/em><br \/>\n<em>com confian\u00e7a pela Tua Igreja,<\/em><br \/>\n<em>como satisfizeste as s\u00faplicas do profeta Elias<\/em><br \/>\n<em>que intercedia em favor do Teu povo.<\/em><br \/>\n<em>Faz cair do c\u00e9u sobre a terra \u00e1rida<\/em><br \/>\n<em>a chuva desejada<\/em><br \/>\n<em>a fim de que renas\u00e7am os frutos<\/em><br \/>\n<em>e sejam salvos homens e animais.<\/em><br \/>\n<em>Que a chuva seja para n\u00f3s o sinal<\/em><br \/>\n<em>da Tua gra\u00e7a e da Tua b\u00ean\u00e7\u00e3o:<\/em><br \/>\n<em>assim, reconfortados pela Tua miseric\u00f3rdia,<\/em><br \/>\n<em>dar-te-emos gra\u00e7as por todos os dons da terra e do c\u00e9u,<\/em><br \/>\n<em>com os quais o Teu Esp\u00edrito satisfaz a nossa sede.<\/em><br \/>\n<em>Por Jesus Cristo, Teu Filho,<\/em><br \/>\n<em>que nos revelou o Teu amor,<\/em><br \/>\n<em>fonte de \u00e1gua viva, que brota para a vida eterna. Amen.<\/em><\/p>\n<p style=\"text-align: right;\">\n<strong>Papa Paulo VI<\/strong><br \/>\n<em>Angelus de 04 de julho de 1976<\/em><\/p>\n","protected":false},"excerpt":{"rendered":"<p>A ora\u00e7\u00e3o \u00e9 para n\u00f3s, crist\u00e3os, o momento de escutar Deus que nos fala e quer dar-nos mais do que Lhe pedimos. Jesus sofreu e morreu por n\u00f3s e revela-nos o rosto de um Deus omnipotente em amor e servi\u00e7o. Por isso, neste tempo de seca que afeta o nosso pa\u00eds, devemos pedir-Lhe, com insist\u00eancia, [&hellip;]<\/p>\n","protected":false},"author":3,"featured_media":0,"comment_status":"closed","ping_status":"closed","sticky":false,"template":"","format":"standard","meta":{"footnotes":""},"categories":[70],"tags":[],"class_list":["post-27757","post","type-post","status-publish","format-standard","hentry","category-diocese"],"_links":{"self":[{"href":"https:\/\/sites.ecclesia.pt\/cv\/wp-json\/wp\/v2\/posts\/27757","targetHints":{"allow":["GET"]}}],"collection":[{"href":"https:\/\/sites.ecclesia.pt\/cv\/wp-json\/wp\/v2\/posts"}],"about":[{"href":"https:\/\/sites.ecclesia.pt\/cv\/wp-json\/wp\/v2\/types\/post"}],"author":[{"embeddable":true,"href":"https:\/\/sites.ecclesia.pt\/cv\/wp-json\/wp\/v2\/users\/3"}],"replies":[{"embeddable":true,"href":"https:\/\/sites.ecclesia.pt\/cv\/wp-json\/wp\/v2\/comments?post=27757"}],"version-history":[{"count":1,"href":"https:\/\/sites.ecclesia.pt\/cv\/wp-json\/wp\/v2\/posts\/27757\/revisions"}],"predecessor-version":[{"id":27758,"href":"https:\/\/sites.ecclesia.pt\/cv\/wp-json\/wp\/v2\/posts\/27757\/revisions\/27758"}],"wp:attachment":[{"href":"https:\/\/sites.ecclesia.pt\/cv\/wp-json\/wp\/v2\/media?parent=27757"}],"wp:term":[{"taxonomy":"category","embeddable":true,"href":"https:\/\/sites.ecclesia.pt\/cv\/wp-json\/wp\/v2\/categories?post=27757"},{"taxonomy":"post_tag","embeddable":true,"href":"https:\/\/sites.ecclesia.pt\/cv\/wp-json\/wp\/v2\/tags?post=27757"}],"curies":[{"name":"wp","href":"https:\/\/api.w.org\/{rel}","templated":true}]}}