{"id":2781,"date":"2010-10-27T09:37:00","date_gmt":"2010-10-27T09:37:00","guid":{"rendered":"http:\/\/localhost:81\/wp1\/?p=2781"},"modified":"2010-10-27T09:37:00","modified_gmt":"2010-10-27T09:37:00","slug":"papa-apela-a-paz-e-anuncia-sinodo-sobre-a-nova-evangelizacao","status":"publish","type":"post","link":"https:\/\/sites.ecclesia.pt\/cv\/papa-apela-a-paz-e-anuncia-sinodo-sobre-a-nova-evangelizacao\/","title":{"rendered":"Papa apela \u00e0 paz e anuncia s\u00ednodo sobre a Nova Evangeliza\u00e7\u00e3o"},"content":{"rendered":"<p>No encerramento do S\u00ednodo para o M\u00e9dio Oriente, Bento XVI apelou \u00e0 liberdade de consci\u00eancia e anunciou nova reuni\u00e3o magna para 2012, dedicada \u00e0 nova evangeliza\u00e7\u00e3o.<\/p>\n<p>Bento XVI denunciou no Domingo, 24 de Outubro, \u201cos conflitos, as guerras, a viol\u00eancia e o terrorismo\u201d, na Missa de encerramento do S\u00ednodo para o M\u00e9dio Oriente, que decorreu nas \u00faltimas duas semanas.<\/p>\n<p>Na Bas\u00edlica de S\u00e3o Pedro, perante Bispos de toda a regi\u00e3o, o Papa evocou aqueles que se \u201cencontram em situa\u00e7\u00f5es dif\u00edceis, \u00e0s vezes graves, por priva\u00e7\u00f5es materiais ou pelo des\u00e2nimo, pelo estado de tens\u00e3o, e porventura, de medo\u201d.<\/p>\n<p>\u201c\u00c9 preciso nunca resignar-se perante a falta de paz. A paz \u00e9 poss\u00edvel. A paz \u00e9 urgente. A paz \u00e9 a condi\u00e7\u00e3o indispens\u00e1vel para uma vida digna da pessoa humana e da sociedade\u201d, sublinhou, na sua homilia. Bento XVI referiu que \u201ch\u00e1 demasiado tempo que no M\u00e9dio Oriente perduram os conflitos, as guerra, a viol\u00eancia, o terrorismo\u201d.<\/p>\n<p>\u201cA paz, que \u00e9 dom de Deus, \u00e9 tamb\u00e9m o resultado dos esfor\u00e7os dos homens de boa vontade, das institui\u00e7\u00f5es nacionais e internacionais, em particular dos Estados mais envolvidos na busca da solu\u00e7\u00e3o dos conflitos\u201d, assinalou. Para o Papa, \u201ca paz \u00e9 tamb\u00e9m o melhor rem\u00e9dio para evitar a emigra\u00e7\u00e3o do M\u00e9dio Oriente\u201d, pedindo ora\u00e7\u00f5es \u201cpela paz na Terra Santa\u201d.<\/p>\n<p>Liberdade religiosa <\/p>\n<p>e de consci\u00eancia<\/p>\n<p>Lembrando os trabalhos desta assembleia extraordin\u00e1ria do S\u00ednodo, a primeira para aquela regi\u00e3o, Bento XVI disse que \u201coutro contributo que os crist\u00e3os podem dar \u00e0 sociedade \u00e9 a promo\u00e7\u00e3o de uma aut\u00eantica liberdade religiosa e de consci\u00eancia, um dos direitos fundamentais da pessoa humana que todos os Estados deveriam sempre respeitar\u201d.<\/p>\n<p>O Papa observou que \u201cem muitos pa\u00edses do M\u00e9dio Oriente existe liberdade de culto, enquanto o espa\u00e7o da liberdade religiosa \u00e9 muitas vezes bastante limitado\u201d. \u201cAlargar este espa\u00e7o de liberdade torna-se uma exig\u00eancia para garantir a todos os pertencentes \u00e0s v\u00e1rias comunidades religiosas a verdadeira liberdade de viver e professar a pr\u00f3pria f\u00e9\u201d, prosseguiu, antes de apelar ao di\u00e1logo entre crist\u00e3os e mu\u00e7ulmanos.<\/p>\n<p>Pr\u00f3ximo s\u00ednodo sobre<\/p>\n<p>Nova Evangeliza\u00e7\u00e3o<\/p>\n<p>A celebra\u00e7\u00e3o juntou o colorido pr\u00f3prio das tradi\u00e7\u00f5es das Igrejas orientais cat\u00f3licas a c\u00e2nticos em latim, arm\u00e9nio, grego, \u00e1rabe, turco, farsi, s\u00edrio ou hebraico.<\/p>\n<p>No final da sua interven\u00e7\u00e3o, recordando a recente cria\u00e7\u00e3o do Conselho Pontif\u00edcio para a Promo\u00e7\u00e3o da Nova Evangeliza\u00e7\u00e3o, Bento XVI anunciou o tema da pr\u00f3xima assembleia sinodal, em 2012, decis\u00e3o tomada ap\u00f3s consulta ao episcopado do mundo inteiro: \u201cA Nova Evangeliza\u00e7\u00e3o para a transmiss\u00e3o da f\u00e9 crist\u00e3\u201d.<\/p>\n<p>A 24.\u00aa assembleia do S\u00ednodo dos Bispos, primeira para esta regi\u00e3o, teve como tema \u201cA Igreja Cat\u00f3lica no M\u00e9dio Oriente: comunh\u00e3o e testemunho. \u00abA multid\u00e3o dos crentes tinha um s\u00f3 cora\u00e7\u00e3o e uma s\u00f3 alma\u00bb\u201d, juntando 185 participantes, para al\u00e9m de especialistas e convidados, incluindo representantes de outras confiss\u00f5es crist\u00e3s, dois mu\u00e7ulmanos e um judeu.<\/p>\n<p>O S\u00ednodo \u00e9 uma assembleia consultiva de bispos que representam o episcopado cat\u00f3lico, convocados para aconselhar o Papa no governo da Igreja.<\/p>\n<p>Ecclesia \/ CV<\/p>\n","protected":false},"excerpt":{"rendered":"<p>No encerramento do S\u00ednodo para o M\u00e9dio Oriente, Bento XVI apelou \u00e0 liberdade de consci\u00eancia e anunciou nova reuni\u00e3o magna para 2012, dedicada \u00e0 nova evangeliza\u00e7\u00e3o. Bento XVI denunciou no Domingo, 24 de Outubro, \u201cos conflitos, as guerras, a viol\u00eancia e o terrorismo\u201d, na Missa de encerramento do S\u00ednodo para o M\u00e9dio Oriente, que decorreu [&hellip;]<\/p>\n","protected":false},"author":1,"featured_media":0,"comment_status":"open","ping_status":"open","sticky":false,"template":"","format":"standard","meta":{"footnotes":""},"categories":[55],"tags":[],"class_list":["post-2781","post","type-post","status-publish","format-standard","hentry","category-igreja-no-mundo"],"_links":{"self":[{"href":"https:\/\/sites.ecclesia.pt\/cv\/wp-json\/wp\/v2\/posts\/2781","targetHints":{"allow":["GET"]}}],"collection":[{"href":"https:\/\/sites.ecclesia.pt\/cv\/wp-json\/wp\/v2\/posts"}],"about":[{"href":"https:\/\/sites.ecclesia.pt\/cv\/wp-json\/wp\/v2\/types\/post"}],"author":[{"embeddable":true,"href":"https:\/\/sites.ecclesia.pt\/cv\/wp-json\/wp\/v2\/users\/1"}],"replies":[{"embeddable":true,"href":"https:\/\/sites.ecclesia.pt\/cv\/wp-json\/wp\/v2\/comments?post=2781"}],"version-history":[{"count":0,"href":"https:\/\/sites.ecclesia.pt\/cv\/wp-json\/wp\/v2\/posts\/2781\/revisions"}],"wp:attachment":[{"href":"https:\/\/sites.ecclesia.pt\/cv\/wp-json\/wp\/v2\/media?parent=2781"}],"wp:term":[{"taxonomy":"category","embeddable":true,"href":"https:\/\/sites.ecclesia.pt\/cv\/wp-json\/wp\/v2\/categories?post=2781"},{"taxonomy":"post_tag","embeddable":true,"href":"https:\/\/sites.ecclesia.pt\/cv\/wp-json\/wp\/v2\/tags?post=2781"}],"curies":[{"name":"wp","href":"https:\/\/api.w.org\/{rel}","templated":true}]}}