{"id":282,"date":"2010-01-13T10:38:00","date_gmt":"2010-01-13T10:38:00","guid":{"rendered":"http:\/\/localhost:81\/wp1\/?p=282"},"modified":"2010-01-13T10:38:00","modified_gmt":"2010-01-13T10:38:00","slug":"coral-cluny-vox-premiado-em-praga","status":"publish","type":"post","link":"https:\/\/sites.ecclesia.pt\/cv\/coral-cluny-vox-premiado-em-praga\/","title":{"rendered":"Coral Cluny Vox premiado em Praga"},"content":{"rendered":"<p>Festival Internacional premiado em Praga <!--more--> O Coral Cluny Vox, do Col\u00e9gio Nossa Senhora da Assun\u00e7\u00e3o (Famalic\u00e3o, Anadia), participou no Festival Internacional de Coros de Advento e Natal de Praga 2009 e foi distinguido com o Pr\u00e9mio de Bronze, correspondente ao 3.\u00ba lugar, na classe de Coros Infanto-Juvenis. O j\u00fari internacional apreciou o trabalho apresentado pelos 36 coralistas, de ambos os sexos, dos 9 aos 16 anos e dirigido, desde a sua funda\u00e7\u00e3o, em 1985, pelo Maestro Celestino Ortet.<\/p>\n<p>Depois de uma apresenta\u00e7\u00e3o na Igreja de S. Nicolau com outros coros mistos de pa\u00edses como a Pol\u00f3nia, Alemanha, Canad\u00e1, R\u00fassia ou Finl\u00e2ndia, o Coral teve a oportunidade de descobrir algumas das riquezas patrimoniais da cidade anfitri\u00e3. Enriquecida com s\u00edmbolos natal\u00edcios, cada rua era uma fonte de divers\u00e3o e inspira\u00e7\u00e3o para os olhos.<\/p>\n<p>No s\u00e1bado, 28 de Novembro, numa sala de espect\u00e1culos magn\u00edfica, o Cluny Vox apresentou quatro pe\u00e7as do seu vasto repert\u00f3rio, n\u00e3o tendo pejo em interpretar uma obra portuguesa do m\u00fasico Jos\u00e9 Afonso, numa harmoniza\u00e7\u00e3o especial do Maestro Celestino, a \u201cCan\u00e7\u00e3o de Embalar\u201d. Nas aprecia\u00e7\u00f5es escritas do j\u00fari foi poss\u00edvel descortinar rasgados elogios \u00e0 elevada performance do Coral, sobretudo com alunas de t\u00e3o tenra idade.<\/p>\n<p>Do vasto programa da visita a Praga, um dos momentos altos foi a reuni\u00e3o de todos os coros presentes, mais de dois mil coralistas, na Pra\u00e7a Velha da Cidade, onde todos puderam interpretar cerca de dez pe\u00e7as musicais de Natal, de v\u00e1rios pa\u00edses. Um maestro, de origem sul-africana conseguiu conduzir este mega-coral a partir do palco. Um inesquec\u00edvel momento dif\u00edcil de traduzir por palavras\u2026<\/p>\n<p>O Coral p\u00f4de actuar na Catedral de S. Vito (Katedrala Sveti Vita) e ainda na Igreja de Nossa Senhora da Gl\u00f3ria, onde se encontra a estatueta do Menino Jesus de Praga, gra\u00e7as \u00e0 colabora\u00e7\u00e3o das entidades civis e religiosas desta cidade.<\/p>\n<p>Os coralistas foram acompanhados e apoiados por um \u201cstaff\u201d de 24 pessoas, constitu\u00eddo por religiosas, pais, familiares e professores do Col\u00e9gio. Esta digress\u00e3o s\u00f3 foi poss\u00edvel gra\u00e7as ao apoio da Direc\u00e7\u00e3o do Col\u00e9gio e da colabora\u00e7\u00e3o da C\u00e2mara Municipal de Anadia e Junta de Freguesia de Anadia.<\/p>\n<p>Sem d\u00favida que este pr\u00e9mio vem coroar a evolu\u00e7\u00e3o do coral, a dedica\u00e7\u00e3o dos cantores, do seu maestro e de todos quantos prestam apoio \u00e0s suas actividades.   <\/p>\n<p>Pedro Negr\u00e3o<\/p>\n","protected":false},"excerpt":{"rendered":"<p>Festival Internacional premiado em Praga<\/p>\n","protected":false},"author":1,"featured_media":0,"comment_status":"open","ping_status":"open","sticky":false,"template":"","format":"standard","meta":{"footnotes":""},"categories":[51],"tags":[],"class_list":["post-282","post","type-post","status-publish","format-standard","hentry","category-jovens"],"_links":{"self":[{"href":"https:\/\/sites.ecclesia.pt\/cv\/wp-json\/wp\/v2\/posts\/282","targetHints":{"allow":["GET"]}}],"collection":[{"href":"https:\/\/sites.ecclesia.pt\/cv\/wp-json\/wp\/v2\/posts"}],"about":[{"href":"https:\/\/sites.ecclesia.pt\/cv\/wp-json\/wp\/v2\/types\/post"}],"author":[{"embeddable":true,"href":"https:\/\/sites.ecclesia.pt\/cv\/wp-json\/wp\/v2\/users\/1"}],"replies":[{"embeddable":true,"href":"https:\/\/sites.ecclesia.pt\/cv\/wp-json\/wp\/v2\/comments?post=282"}],"version-history":[{"count":0,"href":"https:\/\/sites.ecclesia.pt\/cv\/wp-json\/wp\/v2\/posts\/282\/revisions"}],"wp:attachment":[{"href":"https:\/\/sites.ecclesia.pt\/cv\/wp-json\/wp\/v2\/media?parent=282"}],"wp:term":[{"taxonomy":"category","embeddable":true,"href":"https:\/\/sites.ecclesia.pt\/cv\/wp-json\/wp\/v2\/categories?post=282"},{"taxonomy":"post_tag","embeddable":true,"href":"https:\/\/sites.ecclesia.pt\/cv\/wp-json\/wp\/v2\/tags?post=282"}],"curies":[{"name":"wp","href":"https:\/\/api.w.org\/{rel}","templated":true}]}}