{"id":2839,"date":"2010-11-03T09:26:00","date_gmt":"2010-11-03T09:26:00","guid":{"rendered":"http:\/\/localhost:81\/wp1\/?p=2839"},"modified":"2010-11-03T09:26:00","modified_gmt":"2010-11-03T09:26:00","slug":"paroquia-de-oia-tem-novo-conselho-economico","status":"publish","type":"post","link":"https:\/\/sites.ecclesia.pt\/cv\/paroquia-de-oia-tem-novo-conselho-economico\/","title":{"rendered":"Par\u00f3quia de Oi\u00e3 tem novo Conselho Econ\u00f3mico"},"content":{"rendered":"<p>Bispo de Aveiro presidiu \u00e0 tomada de posse do novo Conselho Econ\u00f3mico (Comiss\u00e3o da F\u00e1brica da Igreja Paroquial da Freguesia de Oi\u00e3), no dia do padroeiro, S. Sim\u00e3o.<\/p>\n<p>A tomada de posse teve lugar, com grande solenidade e muita dignidade, durante a missa da \u00faltima quinta-feira, 28 de Outubro, dia lit\u00fargico de S. Sim\u00e3o, padroeiro da freguesia, presidida pelo bispo de Aveiro, D. Ant\u00f3nio Francisco dos Santos, que fez a nomea\u00e7\u00e3o dos elementos constitutivos, em 25 do mesmo m\u00eas, e lhes deu posse para servir a igreja e a comunidade por um per\u00edodo de tr\u00eas anos.<\/p>\n<p>\u00c9 assim constitu\u00edda: presidente, padre Manuel M\u00e1rio Ferreira; 1.\u00ba secret\u00e1rio, Joaquim Ferreira Fresco; 2.\u00ba secret\u00e1rio, Armor Pires Mota (coordenador do n\u00facleo museol\u00f3gico e Pastoral da Cultura); e tesoureira, Dina Maria Michaelo de Almeida L\u00e1zaro (que, ausente em Fran\u00e7a por motivos inadi\u00e1veis, tomar\u00e1 posse no pr\u00f3ximo dia 18 de Novembro, durante a primeira reuni\u00e3o); vogais: Maria Helena Oliveira da Silva, \u00c1guas Boas (assuntos jur\u00eddicos e Equipa de Pastoral da Cultura), Manuel Pires de Oliveira (Carris), Amorim Marques Nunes (Giesta), M\u00e1rio Jos\u00e9 Oliveira Coutinho (Malhap\u00e3o), Armando Silva Bartolomeu, D\u00e1rio Campos Silva e L\u00facia Ram\u00edsio Ferreira Arroz, todos de Oi\u00e3, Jo\u00e3o Ferreira Pires (Perr\u00e3es), Alberto Vela de Oliveira Campos (Rego), Henrique Manuel Rodrigues Nogueira (Silveira) e Jos\u00e9 Ferreira Filipe da Silva (Silveiro), que, compenetrados das suas fun\u00e7\u00f5es, assumiram o compromisso de servir a comunidade crist\u00e3 \u201ccom verdadeiro esp\u00edrito eclesial e apost\u00f3lico, sem qualquer interesse humano, mas apenas norteado(s) pelo louvor de Deus, pelo maior bem espiritual e pastoral da nossa par\u00f3quia e pela uni\u00e3o entre todos os paroquianos\u201d.<\/p>\n<p>D. Ant\u00f3nio Francisco mostrou contentamento, n\u00e3o s\u00f3 por estar presente, mas, sobretudo, por investir em fun\u00e7\u00f5es um grupo de pessoas que se disponibilizaram para servir a comunidade, sempre \u201cem uni\u00e3o e comunh\u00e3o com o p\u00e1roco\u201d, o que \u00e9 a grande alavanca para um frutuoso trabalho.<\/p>\n<p>Por sua vez, o p\u00e1roco, P.e M\u00e1rio Ferreira, fez quest\u00e3o de agradecer, de forma p\u00fablica e solene, a colabora\u00e7\u00e3o, disponibilidade e servi\u00e7o da anterior Comiss\u00e3o, investida em fun\u00e7\u00f5es h\u00e1 15 anos, especialmente aos que com ele trabalharam.<\/p>\n<p>Dirigiu tamb\u00e9m oportunas palavras aos elementos da nova Comiss\u00e3o que \u201cpelo seu empenhamento v\u00e3o estimular a Comunidade Paroquial. Queira Deus que o consigam e que todos os apoiem porque v\u00e3o trabalhar para todos\u201d. Concluiu mesmo que \u201cgrandes desafios temos pela nossa frente\u201d, quando \u201co mundo que nos \u00e9 dado viver parece cheio de incertezas econ\u00f3micas, sociais, religiosas e culturais\u201d.<\/p>\n<p>A.P.M.<\/p>\n","protected":false},"excerpt":{"rendered":"<p>Bispo de Aveiro presidiu \u00e0 tomada de posse do novo Conselho Econ\u00f3mico (Comiss\u00e3o da F\u00e1brica da Igreja Paroquial da Freguesia de Oi\u00e3), no dia do padroeiro, S. Sim\u00e3o. A tomada de posse teve lugar, com grande solenidade e muita dignidade, durante a missa da \u00faltima quinta-feira, 28 de Outubro, dia lit\u00fargico de S. Sim\u00e3o, padroeiro [&hellip;]<\/p>\n","protected":false},"author":1,"featured_media":0,"comment_status":"open","ping_status":"open","sticky":false,"template":"","format":"standard","meta":{"footnotes":""},"categories":[70],"tags":[],"class_list":["post-2839","post","type-post","status-publish","format-standard","hentry","category-diocese"],"_links":{"self":[{"href":"https:\/\/sites.ecclesia.pt\/cv\/wp-json\/wp\/v2\/posts\/2839","targetHints":{"allow":["GET"]}}],"collection":[{"href":"https:\/\/sites.ecclesia.pt\/cv\/wp-json\/wp\/v2\/posts"}],"about":[{"href":"https:\/\/sites.ecclesia.pt\/cv\/wp-json\/wp\/v2\/types\/post"}],"author":[{"embeddable":true,"href":"https:\/\/sites.ecclesia.pt\/cv\/wp-json\/wp\/v2\/users\/1"}],"replies":[{"embeddable":true,"href":"https:\/\/sites.ecclesia.pt\/cv\/wp-json\/wp\/v2\/comments?post=2839"}],"version-history":[{"count":0,"href":"https:\/\/sites.ecclesia.pt\/cv\/wp-json\/wp\/v2\/posts\/2839\/revisions"}],"wp:attachment":[{"href":"https:\/\/sites.ecclesia.pt\/cv\/wp-json\/wp\/v2\/media?parent=2839"}],"wp:term":[{"taxonomy":"category","embeddable":true,"href":"https:\/\/sites.ecclesia.pt\/cv\/wp-json\/wp\/v2\/categories?post=2839"},{"taxonomy":"post_tag","embeddable":true,"href":"https:\/\/sites.ecclesia.pt\/cv\/wp-json\/wp\/v2\/tags?post=2839"}],"curies":[{"name":"wp","href":"https:\/\/api.w.org\/{rel}","templated":true}]}}