{"id":2840,"date":"2010-11-03T09:27:00","date_gmt":"2010-11-03T09:27:00","guid":{"rendered":"http:\/\/localhost:81\/wp1\/?p=2840"},"modified":"2010-11-03T09:27:00","modified_gmt":"2010-11-03T09:27:00","slug":"secretariado-diocesano-de-catequese-convida-para-retiro-de-advento","status":"publish","type":"post","link":"https:\/\/sites.ecclesia.pt\/cv\/secretariado-diocesano-de-catequese-convida-para-retiro-de-advento\/","title":{"rendered":"Secretariado Diocesano de Catequese convida para retiro de Advento"},"content":{"rendered":"<p>Breve <!--more--> No pr\u00f3ximo dia 13 de Novembro, no Semin\u00e1rio de Aveiro, entre as 9h e as 17h30, o Secretariado Diocesano de Catequese prop\u00f5e um dia de retiro para melhor viver o Advento e preparar o Natal.<\/p>\n<p>\u201cEste retiro est\u00e1 aberto aos catequistas e a todos quantos queiram ter um dia de encontro com o nosso Deus, no sil\u00eancio, na ora\u00e7\u00e3o e na Eucaristia\u201d, informa o Secretariado. Para mais informa\u00e7\u00f5es, tel.: 234 377 436; e-mail: sdcia.aveiro@gmail.com. <\/p>\n","protected":false},"excerpt":{"rendered":"<p>Breve<\/p>\n","protected":false},"author":1,"featured_media":0,"comment_status":"open","ping_status":"open","sticky":false,"template":"","format":"standard","meta":{"footnotes":""},"categories":[70],"tags":[],"class_list":["post-2840","post","type-post","status-publish","format-standard","hentry","category-diocese"],"_links":{"self":[{"href":"https:\/\/sites.ecclesia.pt\/cv\/wp-json\/wp\/v2\/posts\/2840","targetHints":{"allow":["GET"]}}],"collection":[{"href":"https:\/\/sites.ecclesia.pt\/cv\/wp-json\/wp\/v2\/posts"}],"about":[{"href":"https:\/\/sites.ecclesia.pt\/cv\/wp-json\/wp\/v2\/types\/post"}],"author":[{"embeddable":true,"href":"https:\/\/sites.ecclesia.pt\/cv\/wp-json\/wp\/v2\/users\/1"}],"replies":[{"embeddable":true,"href":"https:\/\/sites.ecclesia.pt\/cv\/wp-json\/wp\/v2\/comments?post=2840"}],"version-history":[{"count":0,"href":"https:\/\/sites.ecclesia.pt\/cv\/wp-json\/wp\/v2\/posts\/2840\/revisions"}],"wp:attachment":[{"href":"https:\/\/sites.ecclesia.pt\/cv\/wp-json\/wp\/v2\/media?parent=2840"}],"wp:term":[{"taxonomy":"category","embeddable":true,"href":"https:\/\/sites.ecclesia.pt\/cv\/wp-json\/wp\/v2\/categories?post=2840"},{"taxonomy":"post_tag","embeddable":true,"href":"https:\/\/sites.ecclesia.pt\/cv\/wp-json\/wp\/v2\/tags?post=2840"}],"curies":[{"name":"wp","href":"https:\/\/api.w.org\/{rel}","templated":true}]}}