{"id":2841,"date":"2010-11-03T09:27:00","date_gmt":"2010-11-03T09:27:00","guid":{"rendered":"http:\/\/localhost:81\/wp1\/?p=2841"},"modified":"2010-11-03T09:27:00","modified_gmt":"2010-11-03T09:27:00","slug":"magusto-dos-antigos-alunos-do-seminario-de-aveiro","status":"publish","type":"post","link":"https:\/\/sites.ecclesia.pt\/cv\/magusto-dos-antigos-alunos-do-seminario-de-aveiro\/","title":{"rendered":"Magusto dos antigos alunos do Semin\u00e1rio de Aveiro"},"content":{"rendered":"<p>Breve <!--more--> Realiza-se no dia 20 de Novembro o magusto dos associados da ADASA (Associa\u00e7\u00e3o dos Antigos Alunos do Semin\u00e1rio de Aveiro). O encontro-conv\u00edvio est\u00e1 marcado para as 15h, no Semin\u00e1rio de Aveiro. A direc\u00e7\u00e3o da ADASA fornece castanhas e convida os seus s\u00f3cios participar com o \u00abn\u00e9ctar\u00bb que cada um \u201centender e puder\u201d levar.<\/p>\n","protected":false},"excerpt":{"rendered":"<p>Breve<\/p>\n","protected":false},"author":1,"featured_media":0,"comment_status":"open","ping_status":"open","sticky":false,"template":"","format":"standard","meta":{"footnotes":""},"categories":[70],"tags":[],"class_list":["post-2841","post","type-post","status-publish","format-standard","hentry","category-diocese"],"_links":{"self":[{"href":"https:\/\/sites.ecclesia.pt\/cv\/wp-json\/wp\/v2\/posts\/2841","targetHints":{"allow":["GET"]}}],"collection":[{"href":"https:\/\/sites.ecclesia.pt\/cv\/wp-json\/wp\/v2\/posts"}],"about":[{"href":"https:\/\/sites.ecclesia.pt\/cv\/wp-json\/wp\/v2\/types\/post"}],"author":[{"embeddable":true,"href":"https:\/\/sites.ecclesia.pt\/cv\/wp-json\/wp\/v2\/users\/1"}],"replies":[{"embeddable":true,"href":"https:\/\/sites.ecclesia.pt\/cv\/wp-json\/wp\/v2\/comments?post=2841"}],"version-history":[{"count":0,"href":"https:\/\/sites.ecclesia.pt\/cv\/wp-json\/wp\/v2\/posts\/2841\/revisions"}],"wp:attachment":[{"href":"https:\/\/sites.ecclesia.pt\/cv\/wp-json\/wp\/v2\/media?parent=2841"}],"wp:term":[{"taxonomy":"category","embeddable":true,"href":"https:\/\/sites.ecclesia.pt\/cv\/wp-json\/wp\/v2\/categories?post=2841"},{"taxonomy":"post_tag","embeddable":true,"href":"https:\/\/sites.ecclesia.pt\/cv\/wp-json\/wp\/v2\/tags?post=2841"}],"curies":[{"name":"wp","href":"https:\/\/api.w.org\/{rel}","templated":true}]}}