{"id":2842,"date":"2010-11-03T09:28:00","date_gmt":"2010-11-03T09:28:00","guid":{"rendered":"http:\/\/localhost:81\/wp1\/?p=2842"},"modified":"2010-11-03T09:28:00","modified_gmt":"2010-11-03T09:28:00","slug":"sessao-de-formacao-coral-para-jovens-e-adultos-na-branca","status":"publish","type":"post","link":"https:\/\/sites.ecclesia.pt\/cv\/sessao-de-formacao-coral-para-jovens-e-adultos-na-branca\/","title":{"rendered":"Sess\u00e3o de forma\u00e7\u00e3o coral para jovens e adultos na Branca"},"content":{"rendered":"<p>Breve <!--more--> A EDMUSA (Escola Diocesana de M\u00fasica Sacra) realiza no pr\u00f3ximo s\u00e1bado, dia 6 de Novembro, mais uma sess\u00e3o de forma\u00e7\u00e3o coral, dirigida aos intervenientes na m\u00fasica lit\u00fargica.<\/p>\n<p>Como tem acontecido desde Setembro, neste ano lectivo o trabalho destina-se tamb\u00e9m aos elementos de grupos de jovens que interv\u00eam na Liturgia.<\/p>\n<p>O hor\u00e1rio ser\u00e1 o seguinte: 14h00 &#8211; Aulas das quatro turmas de Forma\u00e7\u00e3o Musical; 15h00 &#8211; In\u00edcio do trabalho do Coro (aquecimento); 15h30 &#8211; Ensaios de naipe (Coro dos adultos) e ensaio do Grupo de jovens; 16h00 &#8211; Ensaio de conjunto (Coro); 17h30 &#8211; Intervalo \/ lanche; 18h00 &#8211; Ensaio geral para a missa (Coro e Grupo de jovens); 19h00: Missa de encerramento.<\/p>\n","protected":false},"excerpt":{"rendered":"<p>Breve<\/p>\n","protected":false},"author":1,"featured_media":0,"comment_status":"open","ping_status":"open","sticky":false,"template":"","format":"standard","meta":{"footnotes":""},"categories":[70],"tags":[],"class_list":["post-2842","post","type-post","status-publish","format-standard","hentry","category-diocese"],"_links":{"self":[{"href":"https:\/\/sites.ecclesia.pt\/cv\/wp-json\/wp\/v2\/posts\/2842","targetHints":{"allow":["GET"]}}],"collection":[{"href":"https:\/\/sites.ecclesia.pt\/cv\/wp-json\/wp\/v2\/posts"}],"about":[{"href":"https:\/\/sites.ecclesia.pt\/cv\/wp-json\/wp\/v2\/types\/post"}],"author":[{"embeddable":true,"href":"https:\/\/sites.ecclesia.pt\/cv\/wp-json\/wp\/v2\/users\/1"}],"replies":[{"embeddable":true,"href":"https:\/\/sites.ecclesia.pt\/cv\/wp-json\/wp\/v2\/comments?post=2842"}],"version-history":[{"count":0,"href":"https:\/\/sites.ecclesia.pt\/cv\/wp-json\/wp\/v2\/posts\/2842\/revisions"}],"wp:attachment":[{"href":"https:\/\/sites.ecclesia.pt\/cv\/wp-json\/wp\/v2\/media?parent=2842"}],"wp:term":[{"taxonomy":"category","embeddable":true,"href":"https:\/\/sites.ecclesia.pt\/cv\/wp-json\/wp\/v2\/categories?post=2842"},{"taxonomy":"post_tag","embeddable":true,"href":"https:\/\/sites.ecclesia.pt\/cv\/wp-json\/wp\/v2\/tags?post=2842"}],"curies":[{"name":"wp","href":"https:\/\/api.w.org\/{rel}","templated":true}]}}