{"id":2843,"date":"2010-11-03T09:31:00","date_gmt":"2010-11-03T09:31:00","guid":{"rendered":"http:\/\/localhost:81\/wp1\/?p=2843"},"modified":"2010-11-03T09:31:00","modified_gmt":"2010-11-03T09:31:00","slug":"reunioes-de-clero","status":"publish","type":"post","link":"https:\/\/sites.ecclesia.pt\/cv\/reunioes-de-clero\/","title":{"rendered":"Reuni\u00f5es de Clero &#8211;"},"content":{"rendered":"<p>Novembro de 2010 <!--more--> Arciprestado\tDia      Hora\tLocal<\/p>\n<p>\u00c1gueda\t\t 11\t09h30\tRecard\u00e3es<\/p>\n<p>Albergaria-a-Velha10\t10h00\tCasa Diocesana<\/p>\n<p>Anadia\t\t04 \t09h30\tVila Nova de Monsarros<\/p>\n<p>Aveiro\t\t10\t10h00\tSemin\u00e1rio Dehoniano<\/p>\n<p>Estarreja\/Murtosa04\t09h30\tCanelas<\/p>\n<p>\u00cdlhavo\t\t10\t10h00\tPraia da Barra<\/p>\n<p>Oliveira do Bairro10\t09h45\tTroviscal<\/p>\n<p>Sever do Vouga\t 08\t13h00\tPessegueiro do Vouga<\/p>\n<p>Vagos\t\t08\t09h30\tSt\u00ba Ant\u00f3nio de Vagos (Lar)<\/p>\n<p>AGENDA SUGERIDA:<\/p>\n<p>1. Hora interm\u00e9dia, com reflex\u00e3o sobre o evangelho do domingo seguinte, ou \u00e0  escolha do arcipreste<\/p>\n<p>2. Leitura, revis\u00e3o e aprova\u00e7\u00e3o da acta da \u00faltima reuni\u00e3o<\/p>\n<p>3. Pastoral diocesana:<\/p>\n<p>&#8211; Semana dos Semin\u00e1rios<\/p>\n<p>&#8211; Concretiza\u00e7\u00e3o da III Etapa do Plano de Pastoral<\/p>\n<p>&#8211; Caminhada do Advento-Natal<\/p>\n<p>4. Pastoral arciprestal<\/p>\n<p>5. Outros assuntos<\/p>\n<p>INFORMA\u00c7\u00d5ES<\/p>\n<p>CALEND\u00c1RIO DE ALGUMAS ACTIVIDADES:<\/p>\n<p>&#9679; 07-14\/Nov. \u2013 Semana de Ora\u00e7\u00e3o pelos Semin\u00e1rios<\/p>\n<p>&#9679; 13\/Nov. \u2013 Conselho Dioce-sano da Pastoral Juvenil (CAP) <\/p>\n<p>&#9679; 13\/Nov. \u2013 Encontro do Advento dos Professores da EMRC (CUFC)<\/p>\n<p>&#9679;  13\/Nov. \u2013 Retiro do Advento do SDCIA (Semin\u00e1rio) <\/p>\n<p>&#9679;  13-14\/Nov. \u2013 Encontro dos pr\u00e9-seminaristas mais novos (Semin\u00e1rio)<\/p>\n<p>&#9679; 17\/Nov. \u2013 Conselho Diocesano de Pastoral (Semin\u00e1rio)<\/p>\n<p>&#9679;  18-21\/Nov. \u2013 83\u00ba Cursilho de Homens (Casa Diocesana)<\/p>\n<p>&#9679;  20-21\/Nov. \u2013 Encontro dos pr\u00e9-seminaristas mais velhos (Semin\u00e1rio)<\/p>\n<p>&#9679; 22\/Nov. \u2013 Conselho Diocesano da Catequese &#8211; SDCIA (Semin\u00e1rio)<\/p>\n<p>&#9679; 24\/Nov. \u2013 Reuni\u00e3o do Conselho de Arciprestes (Semin\u00e1rio)<\/p>\n<p>&#9679; 07\/Dez. \u2013 Recolec\u00e7\u00e3o do Advento para o Clero (Casa Diocesana) <\/p>\n","protected":false},"excerpt":{"rendered":"<p>Novembro de 2010<\/p>\n","protected":false},"author":1,"featured_media":0,"comment_status":"open","ping_status":"open","sticky":false,"template":"","format":"standard","meta":{"footnotes":""},"categories":[70],"tags":[],"class_list":["post-2843","post","type-post","status-publish","format-standard","hentry","category-diocese"],"_links":{"self":[{"href":"https:\/\/sites.ecclesia.pt\/cv\/wp-json\/wp\/v2\/posts\/2843","targetHints":{"allow":["GET"]}}],"collection":[{"href":"https:\/\/sites.ecclesia.pt\/cv\/wp-json\/wp\/v2\/posts"}],"about":[{"href":"https:\/\/sites.ecclesia.pt\/cv\/wp-json\/wp\/v2\/types\/post"}],"author":[{"embeddable":true,"href":"https:\/\/sites.ecclesia.pt\/cv\/wp-json\/wp\/v2\/users\/1"}],"replies":[{"embeddable":true,"href":"https:\/\/sites.ecclesia.pt\/cv\/wp-json\/wp\/v2\/comments?post=2843"}],"version-history":[{"count":0,"href":"https:\/\/sites.ecclesia.pt\/cv\/wp-json\/wp\/v2\/posts\/2843\/revisions"}],"wp:attachment":[{"href":"https:\/\/sites.ecclesia.pt\/cv\/wp-json\/wp\/v2\/media?parent=2843"}],"wp:term":[{"taxonomy":"category","embeddable":true,"href":"https:\/\/sites.ecclesia.pt\/cv\/wp-json\/wp\/v2\/categories?post=2843"},{"taxonomy":"post_tag","embeddable":true,"href":"https:\/\/sites.ecclesia.pt\/cv\/wp-json\/wp\/v2\/tags?post=2843"}],"curies":[{"name":"wp","href":"https:\/\/api.w.org\/{rel}","templated":true}]}}