{"id":2844,"date":"2010-11-03T09:32:00","date_gmt":"2010-11-03T09:32:00","guid":{"rendered":"http:\/\/localhost:81\/wp1\/?p=2844"},"modified":"2010-11-03T09:32:00","modified_gmt":"2010-11-03T09:32:00","slug":"santuario-de-schoenstatt-acolheu-jornada-nacional-de-dirigentes","status":"publish","type":"post","link":"https:\/\/sites.ecclesia.pt\/cv\/santuario-de-schoenstatt-acolheu-jornada-nacional-de-dirigentes\/","title":{"rendered":"Santu\u00e1rio de Schoenstatt acolheu jornada nacional de dirigentes"},"content":{"rendered":"<p>Decorreu no dia 16 de Outubro de 2010, no Santu\u00e1rio da Gafanha da Nazar\u00e9, a primeira jornada nacional de dirigentes de Schoenstatt, com representantes das dioceses de Aveiro, Braga, Coimbra, Funchal, Lisboa e Porto.<\/p>\n<p>Tendo como tema fundamental a Alian\u00e7a de Amor, a jornada foi orientada por Eduardo Arvins e a sua equipa. Salienta-se uma frase que foi proferida no in\u00edcio dos trabalhos e que serviu de base para este dia: \u201cM\u00e3o no pulso do tempo, ouvido no cora\u00e7\u00e3o de Deus.\u201d<\/p>\n<p>Os trabalhos desenrolaram-se \u00e0 volta das quest\u00f5es: Como mudou a minha vida com a Alian\u00e7a de Amor? Como muda a minha vida? Como pode mudar Portugal?<\/p>\n<p>Os grupos de trabalho abrangeram cinco \u00e1reas: matrim\u00f3nio e fam\u00edlia; juventude; pedagogia; inser\u00e7\u00e3o na Igreja; e nova ordem social (sociedade). As contribui\u00e7\u00f5es pr\u00e1ticas foram muitas, mas a grande conclus\u00e3o a que se chegou foi que a Alian\u00e7a de Amor pode e tem que mudar Portugal. Temos que implementar nos v\u00e1rios sectores e nas \u00e1reas onde estamos inseridos uma cultura de Alian\u00e7a, que mais n\u00e3o \u00e9 do que a nossa forma original de expressar o nosso estilo de vida e de trabalho, a nossa vincula\u00e7\u00e3o a Deus, \u00e0s pessoas, \u00e0 natureza, \u00e0 cultura, \u00e0 Igreja e ao mundo.<\/p>\n<p>Para Schoenstatt, a Alian\u00e7a de Amor \u00e9 uma mentalidade, uma marca que se faz presente em tudo.<\/p>\n<p>Paulo Teixeira<\/p>\n","protected":false},"excerpt":{"rendered":"<p>Decorreu no dia 16 de Outubro de 2010, no Santu\u00e1rio da Gafanha da Nazar\u00e9, a primeira jornada nacional de dirigentes de Schoenstatt, com representantes das dioceses de Aveiro, Braga, Coimbra, Funchal, Lisboa e Porto. Tendo como tema fundamental a Alian\u00e7a de Amor, a jornada foi orientada por Eduardo Arvins e a sua equipa. Salienta-se uma [&hellip;]<\/p>\n","protected":false},"author":1,"featured_media":0,"comment_status":"open","ping_status":"open","sticky":false,"template":"","format":"standard","meta":{"footnotes":""},"categories":[70],"tags":[],"class_list":["post-2844","post","type-post","status-publish","format-standard","hentry","category-diocese"],"_links":{"self":[{"href":"https:\/\/sites.ecclesia.pt\/cv\/wp-json\/wp\/v2\/posts\/2844","targetHints":{"allow":["GET"]}}],"collection":[{"href":"https:\/\/sites.ecclesia.pt\/cv\/wp-json\/wp\/v2\/posts"}],"about":[{"href":"https:\/\/sites.ecclesia.pt\/cv\/wp-json\/wp\/v2\/types\/post"}],"author":[{"embeddable":true,"href":"https:\/\/sites.ecclesia.pt\/cv\/wp-json\/wp\/v2\/users\/1"}],"replies":[{"embeddable":true,"href":"https:\/\/sites.ecclesia.pt\/cv\/wp-json\/wp\/v2\/comments?post=2844"}],"version-history":[{"count":0,"href":"https:\/\/sites.ecclesia.pt\/cv\/wp-json\/wp\/v2\/posts\/2844\/revisions"}],"wp:attachment":[{"href":"https:\/\/sites.ecclesia.pt\/cv\/wp-json\/wp\/v2\/media?parent=2844"}],"wp:term":[{"taxonomy":"category","embeddable":true,"href":"https:\/\/sites.ecclesia.pt\/cv\/wp-json\/wp\/v2\/categories?post=2844"},{"taxonomy":"post_tag","embeddable":true,"href":"https:\/\/sites.ecclesia.pt\/cv\/wp-json\/wp\/v2\/tags?post=2844"}],"curies":[{"name":"wp","href":"https:\/\/api.w.org\/{rel}","templated":true}]}}